{"336821":{"titulo":"Cortado do Paraguai, Romero s\u00f3 espera pelo dia de ir embora do Corinthians","link":"https:\/\/www.futebolinterior.com.br\/cortado-do-paraguai-romero-so-espera-pelo-dia-de-ir-embora-do-corinthians\/","chapeu":"DIAS CONTADOS","data":"01\/06\/2019","imagem":"https:\/\/images.futebolinterior.com.br\/2021\/04\/0002050392297_img-300x200.jpg","resumo":"A tend\u00eancia \u00e9 que o atacante mantenha a rotina no clube at\u00e9 14 de julho, quando termina seu atual contrato"},"336816":{"titulo":"Flamengo define novo t\u00e9cnico ap\u00f3s reuni\u00e3o em Madri","link":"https:\/\/www.futebolinterior.com.br\/flamengo-define-novo-tecnico-apos-reuniao-em-madri\/","chapeu":"TUDO CERTO","data":"01\/06\/2019","imagem":"https:\/\/images.futebolinterior.com.br\/2021\/04\/0002050392295_img-225x300.jpg","resumo":"O presidente do Flamengo, Rodolfo Landim, foi at\u00e9 a Espanha para assistir a final da Liga dos Campe\u00f5es e se encontrou com Jorge Jesus"},"336863":{"titulo":"Uribe \u00e9 regularizado e pode estrear pelo Santos contra o Cear\u00e1","link":"https:\/\/www.futebolinterior.com.br\/uribe-e-regularizado-e-pode-estrear-pelo-santos-contra-o-ceara\/","chapeu":"NOVIDADE","data":"31\/05\/2019","imagem":"https:\/\/images.futebolinterior.com.br\/2021\/04\/0002050392259_img-300x210.jpg","resumo":"O jogador tamb\u00e9m est\u00e1 liberado para a Copa do Brasil, j\u00e1 que n\u00e3o entrou em campo pelo Flamengo na competi\u00e7\u00e3o"},"336865":{"titulo":"Ney Franco destaca motiva\u00e7\u00e3o da Chapecoense para encarar favorito Palmeiras","link":"https:\/\/www.futebolinterior.com.br\/ney-franco-destaca-motivacao-da-chapecoense-para-encarar-favorito-palmeiras\/","chapeu":"FALA PROFESSOR!","data":"31\/05\/2019","imagem":"https:\/\/images.futebolinterior.com.br\/2021\/04\/0002050392238_img-300x182.jpg","resumo":"O treinador prev\u00ea um grande duelo por parte do time catarinense no domingo"},"336890":{"titulo":"Interino testa Arrascaeta e Diego no time titular do Fla para duelo com Fortaleza","link":"https:\/\/www.futebolinterior.com.br\/interino-testa-arrascaeta-e-diego-no-time-titular-do-fla-para-duelo-com-fortaleza\/","chapeu":"NOVIDADE","data":"31\/05\/2019","imagem":"https:\/\/images.futebolinterior.com.br\/2021\/04\/0002050392210_img-300x188.jpg","resumo":"Op\u00e7\u00e3o, em tese, aponta para uma forma\u00e7\u00e3o mais ofensiva para a partida deste final de semana"},"275947":{"titulo":"Fluminense encara Athletico-PR com t\u00e9cnico suspenso","link":"https:\/\/www.futebolinterior.com.br\/fluminense-encara-athletico-pr-com-tecnico-suspenso\/","chapeu":"CART\u00c3O VERMELHO","data":"31\/05\/2019","imagem":"https:\/\/images.futebolinterior.com.br\/2020\/11\/0002050392208_img-300x199.jpg","resumo":"Fernando Diniz recebeu cart\u00e3o vermelho na derrota para o Bahia, na \u00faltima rodada"},"336892":{"titulo":"Volante exalta \"sequ\u00eancia muito boa\" para Inter vencer a 4\u00aa em casa","link":"https:\/\/www.futebolinterior.com.br\/volante-exalta-sequencia-muito-boa-para-inter-vencer-a-4a-em-casa\/","chapeu":"ANIMADO","data":"31\/05\/2019","imagem":"https:\/\/images.futebolinterior.com.br\/2021\/04\/0002050392207_img-300x189.jpg","resumo":"Dos dez pontos conquistados at\u00e9 aqui no Brasileir\u00e3o, nove foram no Beira-Rio"},"336900":{"titulo":"Calazans \u00e9 regularizado e pode refor\u00e7ar o S\u00e3o Paulo no domingo","link":"https:\/\/www.futebolinterior.com.br\/calazans-e-regularizado-e-pode-reforcar-o-sao-paulo-no-domingo\/","chapeu":"VAI PRO JOGO","data":"31\/05\/2019","imagem":"https:\/\/images.futebolinterior.com.br\/2021\/04\/0002050392197_img-300x200.jpg","resumo":"O t\u00e9cnico Cuca comandar\u00e1 na manh\u00e3 deste s\u00e1bado o \u00faltimo treino do S\u00e3o Paulo antes da partida contra o Cruzeiro"},"336939":{"titulo":"Com Camilo, Chapecoense enfrenta Palmeiras para engrenar no Brasileir\u00e3o","link":"https:\/\/www.futebolinterior.com.br\/com-camilo-chapecoense-enfrenta-palmeiras-para-engrenar-no-brasileirao\/","chapeu":"VAI QUE VAI!","data":"31\/05\/2019","imagem":"https:\/\/images.futebolinterior.com.br\/2021\/04\/0002050392199_img-300x137.jpg","resumo":"O jogador foi registrado no BID e pode aparecer como titular no domingo"},"336906":{"titulo":"Cuca diz que errou ao falar sobre sa\u00eddas de atletas do S\u00e3o Paulo e pede desculpas","link":"https:\/\/www.futebolinterior.com.br\/cuca-diz-que-errou-ao-falar-sobre-saidas-de-atletas-do-sao-paulo-e-pede-desculpas\/","chapeu":"FOI MAL!","data":"31\/05\/2019","imagem":"https:\/\/images.futebolinterior.com.br\/2021\/04\/0002050392196_img-300x187.jpg","resumo":"Treinador tamb\u00e9m falou sobre o protesto que a torcida realizar\u00e1 neste s\u00e1bado pela manh\u00e3"}}