{"335863":{"titulo":"Ap\u00f3s criticar tratamento de zagueiro, m\u00e9dico do Equador se desculpa com S\u00e3o Paulo","link":"https:\/\/www.futebolinterior.com.br\/apos-criticar-tratamento-de-zagueiro-medico-do-equador-se-desculpa-com-sao-paulo\/","chapeu":"VOLTOU ATR\u00c1S","data":"07\/06\/2019","imagem":"https:\/\/images.futebolinterior.com.br\/2021\/04\/0002050393695_img-300x191.jpg","resumo":"O fisioterapeuta da sele\u00e7\u00e3o equatoriana, Tony Ocampo, havia criticado o Tricolor na \u00faltima quinta-feira"},"335867":{"titulo":"Rog\u00e9rio Ceni encerra 'excurs\u00e3o' do Fortaleza contra o Gr\u00eamio em Porto Alegre","link":"https:\/\/www.futebolinterior.com.br\/rogerio-ceni-encerra-excursao-do-fortaleza-contra-o-gremio-em-porto-alegre\/","chapeu":"UFA","data":"07\/06\/2019","imagem":"https:\/\/images.futebolinterior.com.br\/2021\/04\/0002050393696_img-300x200.jpg","resumo":"\u200bO jogo contra o Gr\u00eamio neste s\u00e1bado, \u00e0s 19 horas, \u00e9 o \u2018ponto final\u2019 do Fortaleza em meio a sua excurs\u00e3o pelo Brasil"},"335880":{"titulo":"Marllon comenta possibilidade da chegada de Gil: 'Muito bom para o Corinthians'","link":"https:\/\/www.futebolinterior.com.br\/marllon-comenta-possibilidade-da-chegada-de-gil-muito-bom-para-o-corinthians\/","chapeu":"GOSTOU","data":"07\/06\/2019","imagem":"https:\/\/images.futebolinterior.com.br\/2021\/04\/0002050393694_img-283x300.jpg","resumo":"O zagueiro Marllon substituir\u00e1 Manoel na partida do Corinthians contra o Cruzeiro neste s\u00e1bado, no est\u00e1dio Independ\u00eancia, em Belo Horizonte, pela oitava rodada do Campeonato "},"335876":{"titulo":"Gripado e com febre, Jo\u00e3o Pedro n\u00e3o treina e vira d\u00favida no Flu para cl\u00e1ssico","link":"https:\/\/www.futebolinterior.com.br\/gripado-e-com-febre-joao-pedro-nao-treina-e-vira-duvida-no-flu-para-classico\/","chapeu":"PUTS....","data":"07\/06\/2019","imagem":"https:\/\/images.futebolinterior.com.br\/2021\/04\/0002050393687_img-300x162.jpg","resumo":"O jogador de 17 anos, destaque do time nos \u00faltimos jogos, depender\u00e1 da evolu\u00e7\u00e3o de seu quadro de sa\u00fade neste s\u00e1bado"},"335886":{"titulo":"Treinador confirma que atacante segue fora do Gr\u00eamio: \"Ainda n\u00e3o est\u00e1 pronto\"","link":"https:\/\/www.futebolinterior.com.br\/treinador-confirma-que-atacante-segue-fora-do-gremio-ainda-nao-esta-pronto\/","chapeu":"DE FORA","data":"07\/06\/2019","imagem":"https:\/\/images.futebolinterior.com.br\/2021\/04\/0002050393686_img-300x204.jpg","resumo":"Luan chegou a participar do treinamento nesta sexta-feira, mas ainda n\u00e3o passou confian\u00e7a a Renato Ga\u00facho"},"275497":{"titulo":"Ava\u00ed enfrenta S\u00e3o Paulo em primeiro duelo de sequ\u00eancia paulista","link":"https:\/\/www.futebolinterior.com.br\/avai-enfrenta-sao-paulo-em-primeiro-duelo-de-sequencia-paulista\/","chapeu":"NA MISS\u00c3O","data":"07\/06\/2019","imagem":"https:\/\/images.futebolinterior.com.br\/2020\/11\/0002050393677_img-300x260.jpg","resumo":"Esse ser\u00e1 o primeiro de dois duelos do Le\u00e3o, ambos contra times paulistas, que antecedem a paralisa\u00e7\u00e3o do campeonato"},"275499":{"titulo":"Contra o Bahia, Cear\u00e1 busca reabilita\u00e7\u00e3o em casa ap\u00f3s derrota para o Santos","link":"https:\/\/www.futebolinterior.com.br\/contra-o-bahia-ceara-busca-reabilitacao-em-casa-apos-derrota-para-o-santos\/","chapeu":"NO CASTEL\u00c3O","data":"07\/06\/2019","imagem":"https:\/\/images.futebolinterior.com.br\/2020\/11\/0002050393676_img-300x200.jpg","resumo":"Depois dessa partida, a torcida cearense ficar\u00e1 cerca de um m\u00eas sem ver a equipe no est\u00e1dio"},"335898":{"titulo":"Com Cu\u00e9llar na Copa Am\u00e9rica, Piris da Motta comemora sequ\u00eancia no Flamengo","link":"https:\/\/www.futebolinterior.com.br\/com-cuellar-na-copa-america-piris-da-motta-comemora-sequencia-no-flamengo\/","chapeu":"GRANDE CHANCE","data":"07\/06\/2019","imagem":"https:\/\/images.futebolinterior.com.br\/2021\/04\/0002050393674_img-300x188.jpg","resumo":"O volante comentou a import\u00e2ncia do momento que vive, o in\u00edcio do trabalho com Marcelo Salles "},"335900":{"titulo":"Destaque do Palmeiras revela pedido de Felip\u00e3o para jogadores n\u00e3o se acomodarem","link":"https:\/\/www.futebolinterior.com.br\/destaque-do-palmeiras-revela-pedido-de-felipao-para-jogadores-nao-se-acomodarem\/","chapeu":"P\u00c9S NO CH\u00c3O","data":"07\/06\/2019","imagem":"https:\/\/images.futebolinterior.com.br\/2021\/04\/0002050393671_img-300x169.jpg","resumo":"Atual campe\u00e3o, o Verd\u00e3o n\u00e3o sabe o que \u00e9 derrota no Campeonato Brasileiro desde julho do ano passado"},"275505":{"titulo":"BRASILEIR\u00c3O: Dia de \u201cAi, Jesus\u201d! Cl\u00e1ssico Fla-Flu agita oitava rodada","link":"https:\/\/www.futebolinterior.com.br\/brasileirao-dia-de-ai-jesus-classico-fla-flu-agita-oitava-rodada\/","chapeu":"VAI SER QUENTE!","data":"07\/06\/2019","imagem":"https:\/\/images.futebolinterior.com.br\/2020\/11\/0002050393666_img-300x169.jpg","resumo":"Organizada pela Confedera\u00e7\u00e3o Brasileira de Futebol (CBF), a competi\u00e7\u00e3o tem cobertura completa pelo Portal Futebol Interior"}}