{"335820":{"titulo":"Barroca revela d\u00favida no meio-campo do Botafogo para partida contra o CSA","link":"https:\/\/www.futebolinterior.com.br\/barroca-revela-duvida-no-meio-campo-do-botafogo-para-partida-contra-o-csa\/","chapeu":"QUEM JOGA?","data":"07\/06\/2019","imagem":"https:\/\/images.futebolinterior.com.br\/2021\/04\/0002050393740_img-300x200.jpg","resumo":""},"335830":{"titulo":"Com dores na panturrilha, Vagner Love \u00e9 desfalque do Corinthians contra Cruzeiro","link":"https:\/\/www.futebolinterior.com.br\/com-dores-na-panturrilha-vagner-love-e-desfalque-do-corinthians-contra-cruzeiro\/","chapeu":"FORA","data":"07\/06\/2019","imagem":"https:\/\/images.futebolinterior.com.br\/2021\/04\/0002050393736_img-300x200.jpg","resumo":"O atacante Vagner Love ficou fora da lista de relacionados do Corinthians para a partida contra o Cruzeiro por causa de dores na panturrilha"},"335832":{"titulo":"Ava\u00ed x S\u00e3o Paulo - Tricolor vai sair da crise ou se afundar ainda mais?","link":"https:\/\/www.futebolinterior.com.br\/avai-x-sao-paulo-tricolor-vai-sair-da-crise-ou-se-afundar-ainda-mais\/","chapeu":"DIF\u00cdCIL","data":"07\/06\/2019","imagem":"https:\/\/images.futebolinterior.com.br\/2021\/04\/0002050393726_img-300x193.jpg","resumo":"O S\u00e3o Paulo pode amenizar a crise neste s\u00e1bado ou aumentar ainda mais a birra do torcedor"},"335842":{"titulo":"Cear\u00e1 x Bahia - Vovoz\u00e3o tem o 'jogo da vida' dentro de casa","link":"https:\/\/www.futebolinterior.com.br\/ceara-x-bahia-vovozao-tem-o-jogo-da-vida-dentro-de-casa\/","chapeu":"JOG\u00c3O","data":"07\/06\/2019","imagem":"https:\/\/images.futebolinterior.com.br\/2021\/04\/0002050393721_img-300x200.jpg","resumo":"O Cear\u00e1 teve uma semana completa de trabalho para o confronto direto deste s\u00e1bado"},"335834":{"titulo":"Mano relaciona meia de 17 anos no Cruzeiro para duelo contra o Corinthians","link":"https:\/\/www.futebolinterior.com.br\/mano-relaciona-meia-de-17-anos-no-cruzeiro-para-duelo-contra-o-corinthians\/","chapeu":"UIA!","data":"07\/06\/2019","imagem":"https:\/\/images.futebolinterior.com.br\/2021\/04\/0002050393724_img-300x200.jpg","resumo":"O jovem talento estava com a sele\u00e7\u00e3o brasileira durante prepara\u00e7\u00e3o para a Copa Am\u00e9rica "},"335845":{"titulo":"Cruzeiro x Corinthians - De olho nos l\u00edderes, Tim\u00e3o tentar\u00e1 encerrar jejum!","link":"https:\/\/www.futebolinterior.com.br\/cruzeiro-x-corinthians-de-olho-nos-lideres-timao-tentara-encerrar-jejum\/","chapeu":"REA\u00c7\u00c3O?","data":"07\/06\/2019","imagem":"https:\/\/images.futebolinterior.com.br\/2021\/04\/0002050393716_img-218x300.jpg","resumo":"Tim\u00e3o perdeu os \u00faltimos tr\u00eas jogos para os mineiros e tentar\u00e1 encerrar este jejum nesta 8\u00aa rodada do Campeonato Brasileiro da S\u00e9rie A"},"335849":{"titulo":"Palmeiras x Athletico-PR - Verd\u00e3o pode disparar de vez no Brasileir\u00e3o","link":"https:\/\/www.futebolinterior.com.br\/palmeiras-x-athletico-pr-verdao-pode-disparar-de-vez-no-brasileirao\/","chapeu":"SUBINDO","data":"07\/06\/2019","imagem":"https:\/\/images.futebolinterior.com.br\/2021\/04\/0002050393713_img-300x168.jpg","resumo":"Felip\u00e3o tra\u00e7ou a meta de terminar na lideran\u00e7a do Campeonato Brasileiro antes da parada para a Copa Am\u00e9rica"},"275478":{"titulo":"Gr\u00eamio x Fortaleza - Tricolores em confronto direto contra a degola!","link":"https:\/\/www.futebolinterior.com.br\/gremio-x-fortaleza-tricolores-em-confronto-direto-contra-a-degola\/","chapeu":"DESFALQUES!","data":"07\/06\/2019","imagem":"https:\/\/images.futebolinterior.com.br\/2020\/11\/0002050393705_img-300x200.jpg","resumo":"Renato Ga\u00facho e Rog\u00e9rio Ceni ter\u00e3o problemas para escalarem seus times na 8\u00aa rodada"},"335859":{"titulo":"Com o pior ataque do Brasileiro, CSA aposta no 'trabalho' pra se recuperar","link":"https:\/\/www.futebolinterior.com.br\/com-o-pior-ataque-do-brasileiro-csa-aposta-no-trabalho-pra-se-recuperar\/","chapeu":"PRA CIMA","data":"07\/06\/2019","imagem":"https:\/\/images.futebolinterior.com.br\/2021\/04\/0002050393704_img-300x130.jpg","resumo":"Marcelo Cabo est\u00e1 preocupado com o ataque do CSA. O clube tem o pior desempenho entre os advers\u00e1rios do Campeonato Brasileiro"},"335872":{"titulo":"S\u00e1nchez desabafa e indica insatisfa\u00e7\u00e3o por jogar fora de posi\u00e7\u00e3o no Santos","link":"https:\/\/www.futebolinterior.com.br\/sanchez-desabafa-e-indica-insatisfacao-por-jogar-fora-de-posicao-no-santos\/","chapeu":"N\u00c3O GOSTO","data":"07\/06\/2019","imagem":"https:\/\/images.futebolinterior.com.br\/2021\/04\/0002050393698_img-300x200.jpg","resumo":"Uruguaio reclamou das cr\u00edticas que recebe pelo desempenho exibido quando exerce tal fun\u00e7\u00e3o"}}