{"275515":{"titulo":"Com time misto, Athletico desafia jejum como visitante em duelo contra o Palmeiras","link":"https:\/\/www.futebolinterior.com.br\/com-time-misto-athletico-desafia-jejum-como-visitante-em-duelo-contra-o-palmeiras\/","chapeu":"DE NOVO","data":"07\/06\/2019","imagem":"https:\/\/images.futebolinterior.com.br\/2020\/11\/0002050393624_img-300x167.jpg","resumo":"Mesmo diante da impon\u00eancia do advers\u00e1rio, o t\u00e9cnico Tiago Nunes n\u00e3o quer for\u00e7ar os seus atletas"},"275517":{"titulo":"Bahia aposta em bom momento para entrar no G4 do Brasileir\u00e3o","link":"https:\/\/www.futebolinterior.com.br\/bahia-aposta-em-bom-momento-para-entrar-no-g4-do-brasileirao\/","chapeu":"EMBALADO","data":"07\/06\/2019","imagem":"https:\/\/images.futebolinterior.com.br\/2020\/11\/0002050393617_img-300x197.jpg","resumo":"O Tricolor n\u00e3o perde h\u00e1 cinco jogos e vem de quatro vit\u00f3rias seguidas"},"335926":{"titulo":"De sa\u00edda do Corinthians, Walter ganha mais duas oportunidades para atuar","link":"https:\/\/www.futebolinterior.com.br\/de-saida-do-corinthians-walter-ganha-mais-duas-oportunidades-para-atuar\/","chapeu":"CHANCE BOA!","data":"07\/06\/2019","imagem":"https:\/\/images.futebolinterior.com.br\/2021\/04\/0002050393626_img-300x229.jpg","resumo":"Ele deve ser o titular da meta nos jogos contra o Cruzeiro, s\u00e1bado, e o Santos, na quarta-feira, ambos pelo Campeonato Brasileiro"},"275524":{"titulo":"Flamengo d\u00e1 \"ok\" e Athl\u00e9tico-PR prepara investida em zagueiro","link":"https:\/\/www.futebolinterior.com.br\/flamengo-da-ok-e-athletico-pr-prepara-investida-em-zagueiro\/","chapeu":"DE VOLTA?","data":"07\/06\/2019","imagem":"https:\/\/images.futebolinterior.com.br\/2020\/11\/0002050393607_img-300x196.jpg","resumo":"Rhodolfo est\u00e1 sendo pouco aproveitado no Meng\u00e3o e pode voltar ao clube pelo qual foi revelado"},"335935":{"titulo":"Fora dos planos, Chape deve liberar ex-sucessor de Neymar antes do fim do contrato","link":"https:\/\/www.futebolinterior.com.br\/fora-dos-planos-chape-deve-liberar-ex-sucessor-de-neymar-antes-do-fim-do-contrato\/","chapeu":"TCHAU TCHAU","data":"07\/06\/2019","imagem":"https:\/\/images.futebolinterior.com.br\/2021\/04\/0002050393605_img-300x200.jpg","resumo":"O atacante Victor Andrade pertence ao Estoril-POR, que ainda precisa aceitar a devolu\u00e7\u00e3o antes do prazo"},"335941":{"titulo":"Cear\u00e1 acerta com goleiro que estava na Europa e pertence ao Cruzeiro","link":"https:\/\/www.futebolinterior.com.br\/ceara-acerta-com-goleiro-que-estava-na-europa-e-pertence-ao-cruzeiro\/","chapeu":"NOVIDADE!","data":"07\/06\/2019","imagem":"https:\/\/images.futebolinterior.com.br\/2021\/04\/0002050393600_img-300x170.jpg","resumo":"Na \u00faltima temporada, Lucas Fran\u00e7a defendeu o Nacional, em Portugal e deve ser novamente emprestado pela Raposa"},"335955":{"titulo":"Sem Guerrero, Inter busca vit\u00f3ria no Rio para se manter entre os primeiros","link":"https:\/\/www.futebolinterior.com.br\/sem-guerrero-inter-busca-vitoria-no-rio-para-se-manter-entre-os-primeiros\/","chapeu":"L\u00c1 EM CIMA!","data":"07\/06\/2019","imagem":"https:\/\/images.futebolinterior.com.br\/2021\/04\/0002050393594_img-300x200.jpg","resumo":"Contra Vasco e Bahia, o t\u00e9cnico Odair Hellmann j\u00e1 definiu que o substituto ser\u00e1 o atacante Rafael S\u00f3bis"},"335957":{"titulo":"Vasco pega Inter para buscar 1\u00aa vit\u00f3ria e deixar lanterna do Brasileir\u00e3o","link":"https:\/\/www.futebolinterior.com.br\/vasco-pega-inter-para-buscar-1a-vitoria-e-deixar-lanterna-do-brasileirao\/","chapeu":"JEJUM","data":"07\/06\/2019","imagem":"https:\/\/images.futebolinterior.com.br\/2021\/04\/0002050393593_img-300x206.jpg","resumo":"Triunfo nesta sexta seria tamb\u00e9m o primeiro de Vanderlei Luxemburgo no comando do time alvinegro"},"335951":{"titulo":"Corinthians tentar\u00e1 acabar com retrospecto negativo contra o Cruzeiro","link":"https:\/\/www.futebolinterior.com.br\/corinthians-tentara-acabar-com-retrospecto-negativo-contra-o-cruzeiro\/","chapeu":"PARA CIMA","data":"07\/06\/2019","imagem":"https:\/\/images.futebolinterior.com.br\/2021\/04\/0002050393590_img-300x200.jpg","resumo":"As equipes voltam a se enfrentar no s\u00e1bado, \u00e0s 19 horas, no Mineir\u00e3o, pela oitava rodada do Brasileir\u00e3o"},"335963":{"titulo":"Ap\u00f3s 'sumir', Igor Gomes pode ter nova chance como titular do S\u00e3o Paulo","link":"https:\/\/www.futebolinterior.com.br\/apos-sumir-igor-gomes-pode-ter-nova-chance-como-titular-do-sao-paulo\/","chapeu":"OPORTUNIDADE","data":"07\/06\/2019","imagem":"https:\/\/images.futebolinterior.com.br\/2021\/04\/0002050393589_img-300x193.jpg","resumo":"Ap\u00f3s se destacar no Paulist\u00e3o, meia fou pouco aproveitado no Brasileiro e s\u00f3 iniciou a partida de estreia diante do Botafogo"}}