{"335778":{"titulo":"Em Caxias, Gr\u00eamio busca vit\u00f3ria sobre Fortaleza para deixar zona de rebaixamento","link":"https:\/\/www.futebolinterior.com.br\/em-caxias-gremio-busca-vitoria-sobre-fortaleza-para-deixar-zona-de-rebaixamento\/","chapeu":"AGORA VAI?","data":"08\/06\/2019","imagem":"https:\/\/images.futebolinterior.com.br\/2021\/04\/0002050393826_img-300x200.jpg","resumo":"O confronto, pela oitava rodada do Brasileir\u00e3o, acontece nesse s\u00e1bado, \u00e0s 19 horas, no est\u00e1dio Centen\u00e1rio"},"335776":{"titulo":"Cruzeiro recebe o Corinthians e tenta encerrar sequ\u00eancia de 7 jogos sem vencer","link":"https:\/\/www.futebolinterior.com.br\/cruzeiro-recebe-o-corinthians-e-tenta-encerrar-sequencia-de-7-jogos-sem-vencer\/","chapeu":"NA SECA","data":"08\/06\/2019","imagem":"https:\/\/images.futebolinterior.com.br\/2021\/04\/0002050393825_img-300x200.jpg","resumo":"Apesar do jejum de vit\u00f3rias, o tiem mineiro vem de classifica\u00e7\u00e3o para as quartas de final da Copa do Brasil"},"335791":{"titulo":"Ap\u00f3s primeira vit\u00f3ria, Luxemburgo desabafa: 'No Vasco tem que se sacrificar'","link":"https:\/\/www.futebolinterior.com.br\/apos-primeira-vitoria-luxemburgo-desabafa-no-vasco-tem-que-se-sacrificar\/","chapeu":"FALA PROFESSOR!","data":"07\/06\/2019","imagem":"https:\/\/images.futebolinterior.com.br\/2021\/04\/0002050393806_img-300x225.jpg","resumo":"Na noite desta sexta-feira, o Trem Bala derrotou o Internacional por 2 a 1"},"275445":{"titulo":"Roberto Melo, vice do Internacional: \"S\u00e3o pontos que ir\u00e3o fazer falta no campeonato\"","link":"https:\/\/www.futebolinterior.com.br\/roberto-melo-vice-do-internacional-sao-pontos-que-irao-fazer-falta-no-campeonato\/","chapeu":"BOBEOU...","data":"07\/06\/2019","imagem":"https:\/\/images.futebolinterior.com.br\/2020\/11\/0002050393799_img-300x192.jpg","resumo":"Internacional parou nos 13 pontos, na 5\u00aa coloca\u00e7\u00e3o, mas poder\u00e1 acabar a rodada no 10\u00ba lugar"},"335794":{"titulo":"Corinthians renova contrato de volante veterano e artilheiro","link":"https:\/\/www.futebolinterior.com.br\/corinthians-renova-contrato-de-volante-veterano-e-artilheiro\/","chapeu":"A\u00cd SIM!","data":"07\/06\/2019","imagem":"https:\/\/images.futebolinterior.com.br\/2021\/04\/0002050393790_img-300x200.jpg","resumo":"Os dois jogadores vinham conversando com a diretoria h\u00e1 alguns meses"},"335808":{"titulo":"Hernanes volta a treinar, mas desfalca o S\u00e3o Paulo contra o Ava\u00ed","link":"https:\/\/www.futebolinterior.com.br\/hernanes-volta-a-treinar-mas-desfalca-o-sao-paulo-contra-o-avai\/","chapeu":"DE VOLTA","data":"07\/06\/2019","imagem":"https:\/\/images.futebolinterior.com.br\/2021\/04\/0002050393762_img-300x193.jpg","resumo":"O meia Hernanes retornou da It\u00e1lia nesta sexta-feira, treinou no CT da Barra Funda, mas desfalcar\u00e1 o S\u00e3o Paulo na partida contra o Ava\u00ed"},"335801":{"titulo":"Vasco 2 x 1 Internacional - Trem Bala desencanta sob comando de Luxemburgo!","link":"https:\/\/www.futebolinterior.com.br\/vasco-2-x-1-internacional-trem-bala-desencanta-sob-comando-de-luxemburgo\/","chapeu":"A 1\u00aa do Pofex\u00f4!","data":"07\/06\/2019","imagem":"https:\/\/images.futebolinterior.com.br\/2021\/04\/0002050393772_img-300x201.jpg","resumo":"O time carioca fez um grande primeiro tempo e enfim conseguiu vencer no Brasileir\u00e3o"},"335817":{"titulo":"Contraprova de Carneiro testa positivo e S\u00e3o Paulo suspende contrato do jogador","link":"https:\/\/www.futebolinterior.com.br\/contraprova-de-carneiro-testa-positivo-e-sao-paulo-suspende-contrato-do-jogador\/","chapeu":"DEU RUIM!","data":"07\/06\/2019","imagem":"https:\/\/images.futebolinterior.com.br\/2021\/04\/0002050393745_img-300x193.jpg","resumo":"O atleta estava suspenso preventivamente pela Autoridade Brasileira de Controle de Dopagem (ABCD)"},"335828":{"titulo":"Relator de Botafogo x Palmeiras solicita relat\u00f3rio do VAR e julgamento \u00e9 adiado","link":"https:\/\/www.futebolinterior.com.br\/relator-de-botafogo-x-palmeiras-solicita-relatorio-do-var-e-julgamento-e-adiado\/","chapeu":"ESTUDANDO","data":"07\/06\/2019","imagem":"https:\/\/images.futebolinterior.com.br\/2021\/04\/0002050393743_img-300x200.jpg","resumo":"O relator do processo de impugna\u00e7\u00e3o da partida entre Botafogo e Palmeiras, o auditor Decio Neuhaus, solicitou \u00e0 Confedera\u00e7\u00e3o Brasileira de Futebol "},"335813":{"titulo":"Justi\u00e7a condena torcedor a pagar R$ 10 mil ao presidente do Atl\u00e9tico-MG","link":"https:\/\/www.futebolinterior.com.br\/justica-condena-torcedor-a-pagar-r-10-mil-ao-presidente-do-atletico-mg\/","chapeu":"PEGA ESSA!","data":"07\/06\/2019","imagem":"https:\/\/images.futebolinterior.com.br\/2021\/04\/0002050393757_img-300x199.jpg","resumo":"Com o vazamento do n\u00famero do celular, Sette C\u00e2mara recebeu grande quantidade de mensagens ofensivas"}}