{"397151":{"titulo":"Abel Braga exalta atua\u00e7\u00e3o do Fluminense em derrota: 'Demos aula de futebol'","link":"https:\/\/www.futebolinterior.com.br\/abel-braga-exalta-atuacao-do-fluminense-em-derrota-demos-aula-de-futebol\/","chapeu":"FELIZ","data":"15\/05\/2018","imagem":"https:\/\/images.futebolinterior.com.br\/2021\/04\/0002050313775_img-300x162.jpg","resumo":"O t\u00e9cnico Abel Braga deixou o campo satisfeito com o desempenho do Fluminense na derrota por 2 a 1 para o Botafogo na segunda-feira, no est\u00e1dio do Engenh\u00e3o"},"397153":{"titulo":"Valentim admite que vit\u00f3ria do Botafogo no cl\u00e1ssico contra o Flu foi injusta","link":"https:\/\/www.futebolinterior.com.br\/valentim-admite-que-vitoria-do-botafogo-no-classico-contra-o-flu-foi-injusta\/","chapeu":"SINCERO","data":"15\/05\/2018","imagem":"https:\/\/images.futebolinterior.com.br\/2021\/04\/0002050313774_img-300x148.jpg","resumo":"O t\u00e9cnico do Botafogo, Alberto Valentim, admitiu que a vit\u00f3ria de sua equipe sobre o Fluminense por 2 a 1 foi injusta"},"397155":{"titulo":"Derrota no cl\u00e1ssico obriga Palmeiras a consertar ponto fraco no ano","link":"https:\/\/www.futebolinterior.com.br\/derrota-no-classico-obriga-palmeiras-a-consertar-ponto-fraco-no-ano\/","chapeu":"OBRIGA\u00c7\u00c3O","data":"15\/05\/2018","imagem":"https:\/\/images.futebolinterior.com.br\/2021\/04\/0002050313773_img-300x199.jpg","resumo":"A terceira derrota para o Corinthians em 2018 colocou o Palmeiras pela terceira vez no ano em um momento turbulento e diante da obriga\u00e7\u00e3o de corrigir uma grave falha"},"397167":{"titulo":"Futebol Interior TV: Craque Nota 10, Zenon, e Nando Lopes d\u00e3o a letra de toda a rodada","link":"https:\/\/www.futebolinterior.com.br\/futebol-interior-tv-craque-nota-10-zenon-e-nando-lopes-dao-a-letra-de-toda-a-rodada\/","chapeu":"TUDO EXPLICADO","data":"14\/05\/2018","imagem":"https:\/\/images.futebolinterior.com.br\/2021\/04\/0002050313749_img-300x158.jpg","resumo":"O programa desta segunda-feira teve o comando do din\u00e2mico Guina Paiva, indo ao ar pelo Canal 8 da Net e nas Redes Sociais"},"397178":{"titulo":"Torcida organizada do Palmeiras pede a sa\u00edda de Roger Machado e promete protesto","link":"https:\/\/www.futebolinterior.com.br\/torcida-organizada-do-palmeiras-pede-a-saida-de-roger-machado-e-promete-protesto\/","chapeu":"ADEUS?","data":"14\/05\/2018","imagem":"https:\/\/images.futebolinterior.com.br\/2021\/04\/0002050313734_img-300x181.jpg","resumo":"O treinador vem sendo muito criticado, principalmente por insistir em jogadores contestados no sistema defensivo"},"397186":{"titulo":"Botafogo 2 x 1 Fluminense - Jefferson brilha e Fog\u00e3o reage no Brasileir\u00e3o","link":"https:\/\/www.futebolinterior.com.br\/botafogo-2-x-1-fluminense-jefferson-brilha-e-fogao-reage-no-brasileirao\/","chapeu":"JOGO BOM","data":"14\/05\/2018","imagem":"https:\/\/images.futebolinterior.com.br\/2021\/04\/0002050313721_img-300x200.jpg","resumo":"O time alvinegro buscou a vit\u00f3ria no cl\u00e1ssico com gols de Rodrigo Lindoso e Kieza"},"397334":{"titulo":"Quinteto que decide cl\u00e1ssico comanda a sele\u00e7\u00e3o do Brasileir\u00e3o da 5\u00aa rodada","link":"https:\/\/www.futebolinterior.com.br\/quinteto-que-decide-classico-comanda-a-selecao-do-brasileirao-da-5a-rodada\/","chapeu":"ESSES N\u00c3O FOGEM","data":"14\/05\/2018","imagem":"https:\/\/images.futebolinterior.com.br\/2021\/04\/0002050313710_img-300x200.jpg","resumo":"Danilo Fernandes, do Internacional, Marcinho, do Botafogo, Maicon, do Gr\u00eamio, e Rodriguinho e Pedrinho, do Corinthians puxam a sele\u00e7a"},"397191":{"titulo":"BRASILEIR\u00c3O: Bota vence Flu no cl\u00e1ssico e ultrapassa Vasco; Cear\u00e1 segue sem vencer","link":"https:\/\/www.futebolinterior.com.br\/brasileirao-bota-vence-flu-no-classico-e-ultrapassa-vasco-ceara-segue-sem-vencer\/","chapeu":"SEGUNDA CHEIA","data":"14\/05\/2018","imagem":"https:\/\/images.futebolinterior.com.br\/2021\/04\/0002050313723_img-300x200.jpg","resumo":"Time botafoguense se recuperou da derrota por 1 a 0 para o Cruzeiro, na rodada passada."},"397194":{"titulo":"Cear\u00e1 2 x 2 Am\u00e9rica-MG - Voz\u00e3o marca no fim, mas segue sem vencer no Brasileir\u00e3o","link":"https:\/\/www.futebolinterior.com.br\/ceara-2-x-2-america-mg-vozao-marca-no-fim-mas-segue-sem-vencer-no-brasileirao\/","chapeu":"NADA BOM!","data":"14\/05\/2018","imagem":0,"resumo":"O Coelho poderia ter assumido a quarta posi\u00e7\u00e3o, mas acabou levando o gol de empate aos 47 do segundo tempo"},"397200":{"titulo":"Thiago Neves deixa treino e deve desfalcar Cruzeiro contra Atl\u00e9tico-PR","link":"https:\/\/www.futebolinterior.com.br\/thiago-neves-deixa-treino-e-deve-desfalcar-cruzeiro-contra-atletico-pr\/","chapeu":"PROVAVELMENTE","data":"14\/05\/2018","imagem":"https:\/\/images.futebolinterior.com.br\/2021\/04\/0002050313697_img-300x200.jpg","resumo":"Na atividade desta segunda-feira, os titulares da \u00faltima partida fizeram apenas um trabalho regenerativo"}}