{"397020":{"titulo":"Copa do Brasil: Atl\u00e9tico-MG fecha prepara\u00e7\u00e3o e leva apenas dois laterais para Chapec\u00f3","link":"https:\/\/www.futebolinterior.com.br\/copa-do-brasil-atletico-mg-fecha-preparacao-e-leva-apenas-dois-laterais-para-chapeco\/","chapeu":"DEFINIDO!","data":"15\/05\/2018","imagem":"https:\/\/images.futebolinterior.com.br\/2021\/04\/0002050313898_img-300x200.jpg","resumo":"A tend\u00eancia \u00e9 que Larghi repita a escala\u00e7\u00e3o que venceu o Atl\u00e9tico-PR no domingo, pelo Brasileir\u00e3o"},"397006":{"titulo":"Chape apresenta ex-lateral do Tubar\u00e3o: \"Quero fazer parte da hist\u00f3ria do clube\"","link":"https:\/\/www.futebolinterior.com.br\/chape-apresenta-ex-lateral-do-tubarao-quero-fazer-parte-da-historia-do-clube\/","chapeu":"CARA NOVA!","data":"15\/05\/2018","imagem":"https:\/\/images.futebolinterior.com.br\/2021\/04\/0002050313893_img-300x200.jpg","resumo":"O atleta de 21 anos tem contrato com o Verd\u00e3o at\u00e9 dezembro de 2021"},"397027":{"titulo":"Futebol Interior TV destaca o maior torneio de base do Brasil realizado em Campinas","link":"https:\/\/www.futebolinterior.com.br\/futebol-interior-tv-destaca-o-maior-torneio-de-base-do-brasil-realizado-em-campinas\/","chapeu":"CANAL 8 DA NET","data":"15\/05\/2018","imagem":"https:\/\/images.futebolinterior.com.br\/2021\/04\/0002050313880_img-300x176.jpg","resumo":"Competi\u00e7\u00e3o vai acontecer em Campinas e com participa\u00e7\u00e3o de todas as escolinhas da cidade"},"397043":{"titulo":"Guerra pede sequ\u00eancia a treinador no Palmeiras e paci\u00eancia \u00e0 torcida na arena","link":"https:\/\/www.futebolinterior.com.br\/guerra-pede-sequencia-a-treinador-no-palmeiras-e-paciencia-a-torcida-na-arena\/","chapeu":"CHEGOU A CHANCE","data":"15\/05\/2018","imagem":"https:\/\/images.futebolinterior.com.br\/2021\/04\/0002050313871_img-300x200.jpg","resumo":"A torcida perdeu a paci\u00eancia com a equipe ap\u00f3s mais uma derrota para o rival Corinthians, no \u00faltimo domingo"},"397045":{"titulo":"Recuperado, Ramon marca em jogo-treino e celebra volta por cima no Vasco","link":"https:\/\/www.futebolinterior.com.br\/recuperado-ramon-marca-em-jogo-treino-e-celebra-volta-por-cima-no-vasco\/","chapeu":"VOLTANDO","data":"15\/05\/2018","imagem":"https:\/\/images.futebolinterior.com.br\/2021\/04\/0002050313870_img-300x200.jpg","resumo":"O jogador rompeu o ligamento do joelho ainda no Brasileir\u00e3o do ano passado, no cl\u00e1ssico diante do Flamengo"},"397065":{"titulo":"Franc\u00eas: Ap\u00f3s testes, Rennes decide mandar J\u00fanior Tavares de volta para o S\u00e3o Paulo","link":"https:\/\/www.futebolinterior.com.br\/frances-apos-testes-rennes-decide-mandar-junior-tavares-de-volta-para-o-sao-paulo\/","chapeu":"N\u00c3O VAI PAGAR!","data":"15\/05\/2018","imagem":"https:\/\/images.futebolinterior.com.br\/2021\/04\/0002050313867_img-300x200.jpg","resumo":"Os franceses n\u00e3o estariam dispostos a pagar os 2,5 milh\u00f5es de euros (cerca de R$ 10,8 milh\u00f5es) pedidos pelo S\u00e3o Paulo"},"397100":{"titulo":"D'Alessandro e Eden\u00edlson avan\u00e7am em recupera\u00e7\u00e3o e correm no campo do CT do Inter","link":"https:\/\/www.futebolinterior.com.br\/dalessandro-e-edenilson-avancam-em-recuperacao-e-correm-no-campo-do-ct-do-inter\/","chapeu":"ENIM","data":"15\/05\/2018","imagem":"https:\/\/images.futebolinterior.com.br\/2021\/04\/0002050313830_img-300x191.jpg","resumo":"O volante se recupera de les\u00e3o no joelho direito e ainda deve demorar a ser liberado para o t\u00e9cnico Odair Hellmann"},"397123":{"titulo":"Santos registra preju\u00edzo de quase R$ 30 mil nos \u00faltimos dois jogos como mandante","link":"https:\/\/www.futebolinterior.com.br\/santos-registra-prejuizo-de-quase-r-30-mil-nos-ultimos-dois-jogos-como-mandante\/","chapeu":"PUTZ","data":"15\/05\/2018","imagem":"https:\/\/images.futebolinterior.com.br\/2021\/04\/0002050313793_img-300x130.jpg","resumo":"O compromisso, por\u00e9m, teve o pior p\u00fablico e renda do time como mandante na temporada, com 3.590 pagantes e receita de R$ 90.725"},"397139":{"titulo":"Associa\u00e7\u00e3o de jogadores pede reuni\u00e3o com a Fifa e critica puni\u00e7\u00e3o a Guerrero","link":"https:\/\/www.futebolinterior.com.br\/associacao-de-jogadores-pede-reuniao-com-a-fifa-e-critica-punicao-a-guerrero\/","chapeu":"VISH","data":"15\/05\/2018","imagem":"https:\/\/images.futebolinterior.com.br\/2021\/04\/0002050313789_img-300x200.jpg","resumo":"A Corte Arbitral do Esporte (CAS, na sigla em ingl\u00eas) sentenciou Guerrero a 14 meses de suspens\u00e3o pelo uso de benzoilecgonina"},"397135":{"titulo":"Sport surpreende e acerta empr\u00e9stimo de volante Deivid do Atl\u00e9tico-PR","link":"https:\/\/www.futebolinterior.com.br\/sport-surpreende-e-acerta-emprestimo-de-volante-deivid-do-atletico-pr\/","chapeu":"CHEGOU","data":"15\/05\/2018","imagem":"https:\/\/images.futebolinterior.com.br\/2021\/04\/0002050313782_img-300x208.jpg","resumo":"A primeira derrota de Claudinei Oliveira no comando do Sport serviu para o treinador pontuar os pontos fr\u00e1geis do grupo e tamb\u00e9m para pedir refor\u00e7os \u00e0 diretoria"}}