{"397227":{"titulo":"Pottker e D'Alessandro s\u00e3o denunciados por agress\u00e3o e podem desfalcar Inter","link":"https:\/\/www.futebolinterior.com.br\/pottker-e-dalessandro-sao-denunciados-por-agressao-e-podem-desfalcar-inter\/","chapeu":"VISH","data":"14\/05\/2018","imagem":"https:\/\/images.futebolinterior.com.br\/2021\/04\/0002050313693_img-300x200.jpg","resumo":"Na s\u00famula da partida, o \u00e1rbitro disse que Pottker foi expulso \"por desferir e atingir com uma cabe\u00e7ada a cabe\u00e7a de seu advers\u00e1rio\""},"397241":{"titulo":"S\u00e3o Paulo come\u00e7a semana livre com treino sem Rodrigo Caio e Milit\u00e3o","link":"https:\/\/www.futebolinterior.com.br\/sao-paulo-comeca-semana-livre-com-treino-sem-rodrigo-caio-e-militao\/","chapeu":"COM TUDO","data":"14\/05\/2018","imagem":"https:\/\/images.futebolinterior.com.br\/2021\/04\/0002050313641_img-300x193.jpg","resumo":"A comiss\u00e3o t\u00e9cnica espera poder contar com o zagueiro para o cl\u00e1ssico do pr\u00f3ximo domingo com o Santos"},"397243":{"titulo":"Contundidos, Arthur e Everton desfalcam Gr\u00eamio por at\u00e9 tr\u00eas semanas","link":"https:\/\/www.futebolinterior.com.br\/contundidos-arthur-e-everton-desfalcam-gremio-por-ate-tres-semanas\/","chapeu":"BAIXAS","data":"14\/05\/2018","imagem":"https:\/\/images.futebolinterior.com.br\/2021\/04\/0002050313640_img-300x200.jpg","resumo":"Os dois se machucaram durante o empate sem gols contra o Internacional no s\u00e1bado"},"397251":{"titulo":"Palmeiras volta aos treinos sem protesto e com Mois\u00e9s em campo","link":"https:\/\/www.futebolinterior.com.br\/palmeiras-volta-aos-treinos-sem-protesto-e-com-moises-em-campo\/","chapeu":"CLIMA PESADO","data":"14\/05\/2018","imagem":"https:\/\/images.futebolinterior.com.br\/2021\/04\/0002050313639_img-300x168.jpg","resumo":"O elenco trabalhou em sil\u00eancio, sem conceder entrevistas depois do rev\u00e9s na Arena Corinthians "},"397257":{"titulo":"Com Fagner e C\u00e1ssio na Copa, Corinthians repete Atl\u00e9tico-MG de 2014 em convoca\u00e7\u00e3o","link":"https:\/\/www.futebolinterior.com.br\/com-fagner-e-cassio-na-copa-corinthians-repete-atletico-mg-de-2014-em-convocacao\/","chapeu":"QUE MORAL","data":"14\/05\/2018","imagem":"https:\/\/images.futebolinterior.com.br\/2021\/04\/0002050313633_img-300x200.jpg","resumo":"Al\u00e9m da dupla de corintianos, o treinador convocou Pedro Geromel, do Gr\u00eamio, como outro atleta em atividade no Pa\u00eds"},"397277":{"titulo":"Victor Ferraz celebra recupera\u00e7\u00e3o no Santos e desabafa: 'Nunca fui mercen\u00e1rio'","link":"https:\/\/www.futebolinterior.com.br\/victor-ferraz-celebra-recuperacao-no-santos-e-desabafa-nunca-fui-mercenario\/","chapeu":"PAPO RETO","data":"14\/05\/2018","imagem":"https:\/\/images.futebolinterior.com.br\/2021\/04\/0002050313596_img-300x200.jpg","resumo":"Lateral sofreu no in\u00edcio da temporada com cr\u00edticas da torcida, especialmente ap\u00f3s despertar o interesse do S\u00e3o Paulo"},"397279":{"titulo":"Fagner agradece Tite por convoca\u00e7\u00e3o: 'Orgulho em representar o Pa\u00eds na Copa'","link":"https:\/\/www.futebolinterior.com.br\/fagner-agradece-tite-por-convocacao-orgulho-em-representar-o-pais-na-copa\/","chapeu":"COM MORAL","data":"14\/05\/2018","imagem":"https:\/\/images.futebolinterior.com.br\/2021\/04\/0002050313594_img-300x167.jpg","resumo":"Em recupera\u00e7\u00e3o, jogador comemorou o voto de confian\u00e7a dos m\u00e9dicos e da comiss\u00e3o t\u00e9cnica"},"397292":{"titulo":"TAS aumenta pena de Guerrero por doping e peruano est\u00e1 fora da Copa","link":"https:\/\/www.futebolinterior.com.br\/tas-aumenta-pena-de-guerrero-por-doping-e-peruano-esta-fora-da-copa\/","chapeu":"TRISTE","data":"14\/05\/2018","imagem":"https:\/\/images.futebolinterior.com.br\/2021\/04\/0002050313570_img-300x200.jpg","resumo":"O Tribunal Arbitral do Esporte (TAS) atendeu recurso interposto pela Ag\u00eancia Mundial Antidopagem (Wada) contra decis\u00e3o emitida pelo Comit\u00ea de Apela\u00e7\u00e3o da Fifa "},"397347":{"titulo":"Roger marca, mas reservas do Corinthians perdem para Brasil Sub-20","link":"https:\/\/www.futebolinterior.com.br\/roger-marca-mas-reservas-do-corinthians-perdem-para-brasil-sub-20\/","chapeu":"TESTES","data":"14\/05\/2018","imagem":"https:\/\/images.futebolinterior.com.br\/2021\/04\/0002050313567_img-300x200.jpg","resumo":"O elenco do Corinthians volta aos treinos nesta ter\u00e7a-feira, pela manh\u00e3"},"397369":{"titulo":"R\u00e1dio FI confirma transmiss\u00e3o do Cl\u00e1ssico Vov\u00f4 entre Botafogo e Fluminense","link":"https:\/\/www.futebolinterior.com.br\/radio-fi-confirma-transmissao-do-classico-vovo-entre-botafogo-e-fluminense\/","chapeu":"CONFIRA NO FI!","data":"14\/05\/2018","imagem":"https:\/\/images.futebolinterior.com.br\/2021\/04\/0002050313541_img-300x169.jpg","resumo":"Al\u00e9m de encontrar no APP ou pela internet, tamb\u00e9m \u00e9 poss\u00edvel acompanh\u00e1-la pelas Redes Sociais (Facebook, Youtube e Instagram)"}}