{"396810":{"titulo":"Luan Peres comemora chance no Fluminense e busca se adaptar a esquema","link":"https:\/\/www.futebolinterior.com.br\/luan-peres-comemora-chance-no-fluminense-e-busca-se-adaptar-a-esquema\/","chapeu":"NOVIDADE!","data":"16\/05\/2018","imagem":"https:\/\/images.futebolinterior.com.br\/2021\/04\/0002050314061_img-300x176.jpg","resumo":"Jogador teve a oportunidade de come\u00e7ar em campo no cl\u00e1ssico contra o Botafogo, quando o Tricolor usou tr\u00eas zagueiros"},"396824":{"titulo":"Fam\u00edlia de atacante do S\u00e3o Paulo \u00e9 assaltada no interior do Mato Grosso","link":"https:\/\/www.futebolinterior.com.br\/familia-de-atacante-do-sao-paulo-e-assaltada-no-interior-do-mato-grosso\/","chapeu":"FOR\u00c7A","data":"16\/05\/2018","imagem":"https:\/\/images.futebolinterior.com.br\/2021\/04\/0002050314053_img-300x241.jpg","resumo":"Vald\u00edvia acordou com uma not\u00edcia preocupante"},"396836":{"titulo":"Perto da janela, Fortaleza monitora situa\u00e7\u00e3o de Jean Mota no Santos","link":"https:\/\/www.futebolinterior.com.br\/perto-da-janela-fortaleza-monitora-situacao-de-jean-mota-no-santos\/","chapeu":"DE OLHO","data":"16\/05\/2018","imagem":"https:\/\/images.futebolinterior.com.br\/2021\/04\/0002050314044_img-300x200.jpg","resumo":"O Fortaleza observa com aten\u00e7\u00e3o a janela de transfer\u00eancias do meio do ano"},"396854":{"titulo":"Apresentado, Fernando Miguel elogia Mart\u00edn Silva e celebra chegada ao Vasco","link":"https:\/\/www.futebolinterior.com.br\/apresentado-fernando-miguel-elogia-martin-silva-e-celebra-chegada-ao-vasco\/","chapeu":"PRIMEIRA FALA!","data":"16\/05\/2018","imagem":"https:\/\/images.futebolinterior.com.br\/2021\/04\/0002050314040_img-300x192.jpg","resumo":"O Vasco apresentou nesta quarta-feira o seu mais novo refor\u00e7o, o goleiro Fernando Miguel, que estava no Vit\u00f3ria. Ap\u00f3s assinar um contrato v\u00e1lido at\u00e9 o fim de 2019 "},"396845":{"titulo":"D'Alessandro e Eden\u00edlson treinam e podem refor\u00e7ar o Inter","link":"https:\/\/www.futebolinterior.com.br\/dalessandro-e-edenilson-treinam-e-podem-reforcar-o-inter\/","chapeu":"SER\u00c1?","data":"16\/05\/2018","imagem":"https:\/\/images.futebolinterior.com.br\/2021\/04\/0002050314039_img-300x200.jpg","resumo":"O t\u00e9cnico Odair Hellmann dever\u00e1 contar com um time refor\u00e7ado para o duelo com a Chapecoense"},"396911":{"titulo":"Renato exalta a garra do Gr\u00eamio e festeja lideran\u00e7a de grupo na Libertadores","link":"https:\/\/www.futebolinterior.com.br\/renato-exalta-a-garra-do-gremio-e-festeja-lideranca-de-grupo-na-libertadores\/","chapeu":"FELIZ","data":"16\/05\/2018","imagem":"https:\/\/images.futebolinterior.com.br\/2021\/04\/0002050313997_img-300x200.jpg","resumo":"Depois de ver o Gr\u00eamio conquistar uma vit\u00f3ria por 2 a 1 sobre o Monagas, na noite desta ter\u00e7a-feira, em Matur\u00edn, na Venezuela"},"396921":{"titulo":"'Defendo o S\u00e3o Paulo como fa\u00e7o com minha fam\u00edlia', diz o volante Petros","link":"https:\/\/www.futebolinterior.com.br\/defendo-o-sao-paulo-como-faco-com-minha-familia-diz-o-volante-petros\/","chapeu":"LIDERAN\u00c7A","data":"16\/05\/2018","imagem":"https:\/\/images.futebolinterior.com.br\/2021\/04\/0002050313996_img-300x193.jpg","resumo":"H\u00e1 quase um ano no S\u00e3o Paulo, o volante Petros se consolidou como uma das principais lideran\u00e7as do elenco que tenta recolocar a equipe no rumo dos t\u00edtulos"},"396927":{"titulo":"Palmeiras joga por seu t\u00e9cnico e por paz contra o Junior Barranquilla","link":"https:\/\/www.futebolinterior.com.br\/palmeiras-joga-por-seu-tecnico-e-por-paz-contra-o-junior-barranquilla\/","chapeu":"UNIDOS","data":"16\/05\/2018","imagem":"https:\/\/images.futebolinterior.com.br\/2021\/04\/0002050313993_img-300x200.jpg","resumo":"Estava tudo bem no Palmeiras at\u00e9 o \u00faltimo domingo"},"396943":{"titulo":"V\u00cdDEO: Robinho chama ex-companheiro de clube, o pol\u00eamico Ibra, de arrogante","link":"https:\/\/www.futebolinterior.com.br\/video-robinho-chama-ex-companheiro-de-clube-o-polemico-ibra-de-arrogante\/","chapeu":"S\u00d3 ISSO ?","data":"15\/05\/2018","imagem":"https:\/\/images.futebolinterior.com.br\/2021\/04\/0002050313941_img-300x169.jpg","resumo":"Em 2011 os dois atuaram juntos pelo Milan da It\u00e1lia, time que contava tamb\u00e9m com os brasileiros Thiago Silva e Alexandre Pato"},"396984":{"titulo":"Copa do Brasil: Sem Thiago Neves, Cruzeiro treina em Curitiba e deve ter Robinho na quarta","link":"https:\/\/www.futebolinterior.com.br\/copa-do-brasil-sem-thiago-neves-cruzeiro-treina-em-curitiba-e-deve-ter-robinho-na-quarta\/","chapeu":"PROBLEMA!","data":"15\/05\/2018","imagem":"https:\/\/images.futebolinterior.com.br\/2021\/04\/0002050313910_img-300x146.jpg","resumo":"Sofrendo com dores musculares na panturrilha esquerda, o meia sequer viajou"}}