{"396706":{"titulo":"PLACAR FI: Com Paysandu campe\u00e3o, confira TODOS os resultados desta QUARTA-FEIRA","link":"https:\/\/www.futebolinterior.com.br\/placar-fi-com-paysandu-campeao-confira-todos-os-resultados-desta-quarta-feira\/","chapeu":"TUDO AQUI!","data":"16\/05\/2018","imagem":"https:\/\/images.futebolinterior.com.br\/2021\/04\/0002050314156_img-300x169.png","resumo":"O Pap\u00e3o levantou o ta\u00e7a da Copa Verde e nessa noite tamb\u00e9m teve jogos de Libertadores, Copa do Brasil e Copa do Nordeste"},"396733":{"titulo":"S\u00e3o Paulo treina com cinco novidades de olho no cl\u00e1ssico com o Santos","link":"https:\/\/www.futebolinterior.com.br\/sao-paulo-treina-com-cinco-novidades-de-olho-no-classico-com-o-santos\/","chapeu":"MUDAN\u00c7AS","data":"16\/05\/2018","imagem":"https:\/\/images.futebolinterior.com.br\/2021\/04\/0002050314119_img-300x187.png","resumo":"Ainda tratando uma entorse no p\u00e9 esquerdo, o zagueiro Rodrigo Caio ainda \u00e9 d\u00favida para o cl\u00e1ssico"},"396728":{"titulo":"S\u00e9rie B: Ponte Preta mira atacante Marcinho, do Internacional","link":"https:\/\/www.futebolinterior.com.br\/serie-b-ponte-preta-mira-atacante-marcinho-do-internacional\/","chapeu":"VAI FECHAR?","data":"16\/05\/2018","imagem":"https:\/\/images.futebolinterior.com.br\/2021\/04\/0002050314117_img-300x220.jpg","resumo":"O jogador n\u00e3o atua desde o m\u00eas passado e chegaria por empr\u00e9stimo at\u00e9 dezembro"},"396756":{"titulo":"Ap\u00f3s estreia de Aguirre, Kieza v\u00ea como positiva concorr\u00eancia no Botafogo","link":"https:\/\/www.futebolinterior.com.br\/apos-estreia-de-aguirre-kieza-ve-como-positiva-concorrencia-no-botafogo\/","chapeu":"BRIGA BOA","data":"16\/05\/2018","imagem":"https:\/\/images.futebolinterior.com.br\/2021\/04\/0002050314097_img-300x148.jpg","resumo":"Contra o Fluminense, o jogador encerrou um jejum de quase tr\u00eas meses sem marcar com a camisa alvinegra"},"396760":{"titulo":"Gustavo Henrique minimiza vantagem e garante que Santos 'vai jogar para ganhar'","link":"https:\/\/www.futebolinterior.com.br\/gustavo-henrique-minimiza-vantagem-e-garante-que-santos-vai-jogar-para-ganhar\/","chapeu":"PARA VENCER","data":"16\/05\/2018","imagem":"https:\/\/images.futebolinterior.com.br\/2021\/04\/0002050314094_img-300x200.jpg","resumo":"O zagueiro foi um dos escolhidos para encarar a jornada e ir a campo na quinta"},"396766":{"titulo":"Am\u00e9rica-MG promete reclamar da arbitragem na CBF","link":"https:\/\/www.futebolinterior.com.br\/america-mg-promete-reclamar-da-arbitragem-na-cbf\/","chapeu":"ASSIM N\u00c3O D\u00c1","data":"16\/05\/2018","imagem":"https:\/\/images.futebolinterior.com.br\/2021\/04\/0002050314090_img-300x200.jpg","resumo":"O presidente Marcus Salum ainda n\u00e3o aceitou a atua\u00e7\u00e3o do goiano Eduardo Tomaz Aquino Valad\u00e3o"},"396776":{"titulo":"'Quarta do Craque' recebeu Paulo Silas que fez sucesso no S\u00e3o Paulo e na Sele\u00e7\u00e3o","link":"https:\/\/www.futebolinterior.com.br\/quarta-do-craque-recebeu-paulo-silas-que-fez-sucesso-no-sao-paulo-e-na-selecao\/","chapeu":"TV FI AO VIVO","data":"16\/05\/2018","imagem":"https:\/\/images.futebolinterior.com.br\/2021\/04\/0002050314073_img-298x300.jpg","resumo":"O comentarista Zenon recebe o ex-jogador do S\u00e3o Paulo e agora t\u00e9cnico Paulo Silas, que \u00e9 campineiro de nascimento"},"396784":{"titulo":"Atacante do S\u00e3o Paulo, Brenner \u00e9 chamado por Tite para treinar com a sele\u00e7\u00e3o","link":"https:\/\/www.futebolinterior.com.br\/atacante-do-sao-paulo-brenner-e-chamado-por-tite-para-treinar-com-a-selecao\/","chapeu":"TOP","data":"16\/05\/2018","imagem":"https:\/\/images.futebolinterior.com.br\/2021\/04\/0002050314071_img-300x193.jpg","resumo":"A atividade integra a prepara\u00e7\u00e3o do grupo que viajar\u00e1 para a R\u00fassia para disputar a Copa do Mundo"},"396798":{"titulo":"S\u00e9rie B: Guarani anuncia ex-Cruzeiro e libera lateral para Atl\u00e9tico-PR","link":"https:\/\/www.futebolinterior.com.br\/serie-b-guarani-anuncia-ex-cruzeiro-e-libera-lateral-para-atletico-pr\/","chapeu":"L\u00c1 E C\u00c1!","data":"16\/05\/2018","imagem":"https:\/\/images.futebolinterior.com.br\/2021\/04\/0002050314063_img-300x146.jpg","resumo":"Par\u00e1 foi anunciado pelo Bugre no final da tarde desta quarta-feira; Salom\u00e3o vai jogar no Furac\u00e3o"},"396808":{"titulo":"Rodriguinho comemora fase artilheira com a camisa do Corinthians","link":"https:\/\/www.futebolinterior.com.br\/rodriguinho-comemora-fase-artilheira-com-a-camisa-do-corinthians\/","chapeu":"EMPOLGADO","data":"16\/05\/2018","imagem":"https:\/\/images.futebolinterior.com.br\/2021\/04\/0002050314062_img-300x200.jpg","resumo":"O meia marcou dez gols, que \u00e9 o n\u00famero m\u00e1ximo j\u00e1 conseguido pelo jogador em uma temporada"}}