{"396587":{"titulo":"Ainda com dores no p\u00e9, Rodrigo Caio desfalca S\u00e3o Paulo contra o Santos","link":"https:\/\/www.futebolinterior.com.br\/ainda-com-dores-no-pe-rodrigo-caio-desfalca-sao-paulo-contra-o-santos\/","chapeu":"T\u00c1 FORA","data":"17\/05\/2018","imagem":"https:\/\/images.futebolinterior.com.br\/2021\/04\/0002050314269_img-300x199.jpg","resumo":"O zagueiro Rodrigo Caio ainda n\u00e3o est\u00e1 100% recuperado da entorse no p\u00e9 esquerdo que o tirou dos gramados desde a terceira rodada do Campeonato Brasileiro"},"396593":{"titulo":"Desfalcado, Sport deve promover a estreia do atacante Rafael Marques","link":"https:\/\/www.futebolinterior.com.br\/desfalcado-sport-deve-promover-a-estreia-do-atacante-rafael-marques\/","chapeu":"VAI JOGAR","data":"17\/05\/2018","imagem":"https:\/\/images.futebolinterior.com.br\/2021\/04\/0002050314261_img-300x200.jpg","resumo":"Contratado h\u00e1 poucos dias, o atacante Rafael Marques j\u00e1 deve estrear com a camisa do Sport neste domingo, \u00e0s 16 horas, contra o Corinthians na Ilha do Retiro, em Recife"},"396624":{"titulo":"Por novo estatuto, dona da Crefisa acena com mais R$ 50 milh\u00f5es ao Palmeiras","link":"https:\/\/www.futebolinterior.com.br\/por-novo-estatuto-dona-da-crefisa-acena-com-mais-r-50-milhoes-ao-palmeiras\/","chapeu":"A\u00cd SIM","data":"17\/05\/2018","imagem":"https:\/\/images.futebolinterior.com.br\/2021\/04\/0002050314255_img-300x221.png","resumo":"A pol\u00eamica interna sobre a altera\u00e7\u00e3o do tempo de mandato do presidente do Palmeiras se divide em duas correntes"},"396631":{"titulo":"Com jogos do Brasileiro, confira as dicas para o Concurso 800 da Loteca CAIXA","link":"https:\/\/www.futebolinterior.com.br\/com-jogos-do-brasileiro-confira-as-dicas-para-o-concurso-800-da-loteca-caixa\/","chapeu":"CONFIRA AQUI!","data":"17\/05\/2018","imagem":"https:\/\/images.futebolinterior.com.br\/2021\/04\/0002050314246_img-300x200.jpg","resumo":"O Futebol Interior, o maior portal do futebol brasileiro, acompanha semanalmente os concursos da Loteca e tamb\u00e9m da Lotogol"},"396626":{"titulo":"F\u00e1bio Carille pode trocar Corinthians por proposta tentadora","link":"https:\/\/www.futebolinterior.com.br\/fabio-carille-pode-trocar-corinthians-por-proposta-tentadora\/","chapeu":"PARTIU?","data":"17\/05\/2018","imagem":"https:\/\/images.futebolinterior.com.br\/2021\/04\/0002050314245_img-300x169.jpg","resumo":"T\u00e9cnico alvinegro foi sondado pelo Al-Hilal, da Ar\u00e1bia Saudita, que ofereceu um sal\u00e1rio duas vezes maior durante dois ou tr\u00eas anos"},"396628":{"titulo":"STJD nega mandado de garantia em que Palmeiras pede anula\u00e7\u00e3o da final do Paulista","link":"https:\/\/www.futebolinterior.com.br\/stjd-nega-mandado-de-garantia-em-que-palmeiras-pede-anulacao-da-final-do-paulista\/","chapeu":"NADA DISSO","data":"17\/05\/2018","imagem":"https:\/\/images.futebolinterior.com.br\/2021\/04\/0002050314244_img-300x200.jpg","resumo":"O presidente do Superior Tribunal de Justi\u00e7a Desportiva (STJD), Ronaldo Piacente, negou nesta quinta-feira um mandado de garantia impetrado pelo Palmeiras"},"396645":{"titulo":"Libertadores: Roger repete 2017 e comemora melhor campanha na fase de grupos","link":"https:\/\/www.futebolinterior.com.br\/libertadores-roger-repete-2017-e-comemora-melhor-campanha-na-fase-de-grupos\/","chapeu":"MANDOU BEM!","data":"17\/05\/2018","imagem":"https:\/\/images.futebolinterior.com.br\/2021\/04\/0002050314238_img-280x300.jpg","resumo":"De olho no Bahia, no Allianz Parque, pelo Campeonato Brasileiro, elenco palmeirense volta aos treinos nesta quinta-feira \u00e0 tarde"},"396656":{"titulo":"Copa do Brasil: Ap\u00f3s nova elimina\u00e7\u00e3o, Larghi defende planejamento do Atl\u00e9tico-MG","link":"https:\/\/www.futebolinterior.com.br\/copa-do-brasil-apos-nova-eliminacao-larghi-defende-planejamento-do-atletico-mg\/","chapeu":"PARA MELHORAR","data":"17\/05\/2018","imagem":"https:\/\/images.futebolinterior.com.br\/2021\/04\/0002050314231_img.jpg","resumo":"Ap\u00f3s empate por 0 a 0 em Belo Horizonte, o time precisava de uma vit\u00f3ria em Chapec\u00f3 para avan\u00e7ar no torneio, mas perdeu nos p\u00eanaltis"},"396673":{"titulo":"Ap\u00f3s empate, Am\u00e9rica-MG se reapresenta focado em voltar a subir na tabela","link":"https:\/\/www.futebolinterior.com.br\/apos-empate-america-mg-se-reapresenta-focado-em-voltar-a-subir-na-tabela\/","chapeu":"COM TUDO","data":"17\/05\/2018","imagem":"https:\/\/images.futebolinterior.com.br\/2021\/04\/0002050314221_img-300x225.jpg","resumo":"O atacante Luan e o lateral Aderlan deram entrevista coletiva, onde falaram sobre o atual momento do Coelho"},"396690":{"titulo":"Prass desabafa ap\u00f3s brilhar pelo Palmeiras: 'Falam que estou velho'","link":"https:\/\/www.futebolinterior.com.br\/prass-desabafa-apos-brilhar-pelo-palmeiras-falam-que-estou-velho\/","chapeu":"VOOU","data":"17\/05\/2018","imagem":"https:\/\/images.futebolinterior.com.br\/2021\/04\/0002050314213_img-300x196.jpg","resumo":"O goleiro Fernando Prass viveu uma noite muito especial no Palmeiras nesta quarta-feira, como h\u00e1 algum tempo esperava"}}