{"396483":{"titulo":"Em baixa na Turquia, Vagner Love pode voltar ao Flamengo","link":"https:\/\/www.futebolinterior.com.br\/em-baixa-na-turquia-vagner-love-pode-voltar-ao-flamengo\/","chapeu":"AMOR NO AR","data":"17\/05\/2018","imagem":"https:\/\/images.futebolinterior.com.br\/2021\/04\/0002050314342_img-300x169.jpg","resumo":"O atacante disputou 13 jogos pelo Besiktas e marcou quatro gols, n\u00fameros bem abaixo da \u00faltima temporada, pelo Alanyaspor"},"396493":{"titulo":"Cear\u00e1 acerta empr\u00e9stimo com Atl\u00e9tico-MG e repatria lateral-direito","link":"https:\/\/www.futebolinterior.com.br\/ceara-acerta-emprestimo-com-atletico-mg-e-repatria-lateral-direito\/","chapeu":"ELE VOLTOU!","data":"17\/05\/2018","imagem":"https:\/\/images.futebolinterior.com.br\/2021\/04\/0002050314338_img-300x200.jpg","resumo":"Ap\u00f3s passagem de sucesso pelo clube em 2014 e 2015, Samuel Xavier est\u00e1 de volta ao Cear\u00e1 at\u00e9 o fim da temporada"},"396500":{"titulo":"Futebol Interior TV comenta os jogos da noite e analisa as chances da Loteca","link":"https:\/\/www.futebolinterior.com.br\/futebol-interior-tv-comenta-os-jogos-da-noite-e-analisa-as-chances-da-loteca\/","chapeu":"OLHO NO LANCE !","data":"17\/05\/2018","imagem":"https:\/\/images.futebolinterior.com.br\/2021\/04\/0002050314330_img-286x300.jpg","resumo":" "},"396502":{"titulo":"Recupera\u00e7\u00e3o rel\u00e2mpago! Clayson, do Corinthians, pode voltar ainda antes da Copa","link":"https:\/\/www.futebolinterior.com.br\/recuperacao-relampago-clayson-do-corinthians-pode-voltar-ainda-antes-da-copa\/","chapeu":"EXCLUSIVO!","data":"17\/05\/2018","imagem":"https:\/\/images.futebolinterior.com.br\/2021\/04\/0002050314334_img-300x169.jpg","resumo":"O jogador j\u00e1 trabalha na academia do clube e deve ficar \u00e0 disposi\u00e7\u00e3o de F\u00e1bio Carille nos pr\u00f3ximos dias"},"396519":{"titulo":"Jadson exalta momento e celebra sequ\u00eancia do Fluminense em casa","link":"https:\/\/www.futebolinterior.com.br\/jadson-exalta-momento-e-celebra-sequencia-do-fluminense-em-casa\/","chapeu":"OPORTUNIDADE","data":"17\/05\/2018","imagem":"https:\/\/images.futebolinterior.com.br\/2021\/04\/0002050314326_img-300x183.jpg","resumo":"Volante fez quest\u00e3o de valorizar a oportunidade de o time somar seis pontos nas duas pr\u00f3ximas rodadas"},"396558":{"titulo":"Ap\u00f3s elimina\u00e7\u00e3o, Leonardo Silva aponta import\u00e2ncia do cl\u00e1ssico para o Atl\u00e9tico-MG","link":"https:\/\/www.futebolinterior.com.br\/apos-eliminacao-leonardo-silva-aponta-importancia-do-classico-para-o-atletico-mg\/","chapeu":"SEM BOBEAR","data":"17\/05\/2018","imagem":"https:\/\/images.futebolinterior.com.br\/2021\/04\/0002050314318_img-300x208.jpg","resumo":"Na \u00faltima quarta-feira, o Galo foi eliminado pela Chapecoense na Copa do Brasil e agora s\u00f3 tem pela frente o Brasileir\u00e3o"},"396567":{"titulo":"D'Alessandro e Pottker s\u00e3o suspensos por dois jogos e desfalcam o Internacional","link":"https:\/\/www.futebolinterior.com.br\/dalessandro-e-pottker-sao-suspensos-por-dois-jogos-e-desfalcam-o-internacional\/","chapeu":"VISH","data":"17\/05\/2018","imagem":"https:\/\/images.futebolinterior.com.br\/2021\/04\/0002050314306_img-300x191.jpg","resumo":"Apesar da puni\u00e7\u00e3o, o Inter ainda conseguiu uma vit\u00f3ria no julgamento, pois ambos haviam sido indiciados por agress\u00e3o"},"396573":{"titulo":"Em busca da primeira vit\u00f3ria, Cear\u00e1 deve ter mudan\u00e7as no time titular","link":"https:\/\/www.futebolinterior.com.br\/em-busca-da-primeira-vitoria-ceara-deve-ter-mudancas-no-time-titular\/","chapeu":"DE OLHO","data":"17\/05\/2018","imagem":"https:\/\/images.futebolinterior.com.br\/2021\/04\/0002050314273_img-300x200.jpg","resumo":"Sem vencer a quase 40 dias, o Cear\u00e1 se afundou em uma crise que parece n\u00e3o ter fim no Campeonato Brasileiro"},"396583":{"titulo":"Jefferson admite que reserva no Botafogo contribuiu para decis\u00e3o de se aposentar","link":"https:\/\/www.futebolinterior.com.br\/jefferson-admite-que-reserva-no-botafogo-contribuiu-para-decisao-de-se-aposentar\/","chapeu":"SINAL","data":"17\/05\/2018","imagem":"https:\/\/images.futebolinterior.com.br\/2021\/04\/0002050314272_img-300x201.jpg","resumo":"Goleiro tamb\u00e9m disse se sentir incomodado por receber um dos maiores sal\u00e1rios do clube e ficar na reserva"},"396581":{"titulo":"Com Vasco em crise, Breno v\u00ea cl\u00e1ssico como oportunidade para recupera\u00e7\u00e3o","link":"https:\/\/www.futebolinterior.com.br\/com-vasco-em-crise-breno-ve-classico-como-oportunidade-para-recuperacao\/","chapeu":"PRECISA VENCER!","data":"17\/05\/2018","imagem":"https:\/\/images.futebolinterior.com.br\/2021\/04\/0002050314270_img-300x195.jpg","resumo":"\"\u00c9 bom encarar um jogo dessa import\u00e2ncia num momento como esse, que precisamos de uma vit\u00f3ria\", destacou o defensor"}}