{"396428":{"titulo":"Grupos pol\u00edticos do Palmeiras se unem contra mudan\u00e7a do estatuto do clube","link":"https:\/\/www.futebolinterior.com.br\/grupos-politicos-do-palmeiras-se-unem-contra-mudanca-do-estatuto-do-clube\/","chapeu":"NADA DISSO","data":"18\/05\/2018","imagem":"https:\/\/images.futebolinterior.com.br\/2021\/04\/0002050314417_img-300x144.jpg","resumo":"Grupos pol\u00edticos de conselheiros do Palmeiras t\u00eam unido for\u00e7as e mobilizado articula\u00e7\u00f5es para conseguir na pr\u00f3xima segunda-feira vit\u00f3ria na vota\u00e7\u00e3o sobre poss\u00edveis altera\u00e7\u00f5es"},"396433":{"titulo":"Futebol Interior TV tem Zico, Rota dos Milh\u00f5es e muito mais sobre o futebol. VEJA !","link":"https:\/\/www.futebolinterior.com.br\/futebol-interior-tv-tem-zico-rota-dos-milhoes-e-muito-mais-sobre-o-futebol-veja\/","chapeu":"SHOW NA TV","data":"18\/05\/2018","imagem":"https:\/\/images.futebolinterior.com.br\/2021\/04\/0002050314407_img-300x143.jpg","resumo":"Zico faz entrevista especial com craque do Gr\u00eamio e J\u00e1ercio d\u00e1 dicas sobre o teste 800 da Loteca"},"396443":{"titulo":"Cinco vice-presidentes do Fluminense anunciam ren\u00fancia","link":"https:\/\/www.futebolinterior.com.br\/cinco-vice-presidentes-do-fluminense-anunciam-renuncia\/","chapeu":"PULANDO FORA","data":"18\/05\/2018","imagem":"https:\/\/images.futebolinterior.com.br\/2021\/04\/0002050314390_img-300x169.jpg","resumo":"O pr\u00f3prio presidente Pedro Abad anunciou a sa\u00edda de cinco dos onze vices do clube"},"396447":{"titulo":"Com presen\u00e7a do presidente do Palmeiras, Leila promove banquete por estatuto","link":"https:\/\/www.futebolinterior.com.br\/com-presenca-do-presidente-do-palmeiras-leila-promove-banquete-por-estatuto\/","chapeu":"CARTOLADA","data":"18\/05\/2018","imagem":"https:\/\/images.futebolinterior.com.br\/2021\/04\/0002050314383_img-300x169.jpg","resumo":"O evento contou com 200 convidados e teve como objetivo selar a campanha pela vota\u00e7\u00e3o para a mudan\u00e7a no estatuto do clube"},"396472":{"titulo":"Pai revela confid\u00eancia de Carille, do Corinthians: 'Acho que vou ter que sair'","link":"https:\/\/www.futebolinterior.com.br\/pai-revela-confidencia-de-carille-do-corinthians-acho-que-vou-ter-que-sair\/","chapeu":"TA SAINDO?","data":"17\/05\/2018","imagem":"https:\/\/images.futebolinterior.com.br\/2021\/04\/0002050314356_img-300x169.jpg","resumo":"Segundo o pai de Carille, essa n\u00e3o \u00e9 a primeira prosta que o filho recebe do mercado \u00e1rabe"},"396477":{"titulo":"S\u00e9rie B: Fortaleza d\u00e1 chap\u00e9u na Ponte Preta e contrata atacante Marcinho","link":"https:\/\/www.futebolinterior.com.br\/serie-b-fortaleza-da-chapeu-na-ponte-preta-e-contrata-atacante-marcinho\/","chapeu":"NOVO REFOR\u00c7O","data":"17\/05\/2018","imagem":"https:\/\/images.futebolinterior.com.br\/2021\/04\/0002050314349_img-300x189.jpg","resumo":"A Macaca tinha o acerto bem encaminhado, mas acabou perdendo a disputa para o Le\u00e3o do Pici"},"396495":{"titulo":"Gr\u00eamio confirma les\u00e3o e Alisson s\u00f3 volta ap\u00f3s a Copa do Mundo","link":"https:\/\/www.futebolinterior.com.br\/gremio-confirma-lesao-e-alisson-so-volta-apos-a-copa-do-mundo\/","chapeu":"BAIXA","data":"17\/05\/2018","imagem":"https:\/\/images.futebolinterior.com.br\/2021\/04\/0002050314346_img-300x199.jpg","resumo":"Meai se machucou justamente na vit\u00f3ria sobre o Monagas por 2 a 1, partida que confirmou o time ga\u00facho nas oitavas da Libertadores"},"396510":{"titulo":"Ac\u00f3rd\u00e3o do TJD determina suspens\u00e3o imediata do presidente do Palmeiras","link":"https:\/\/www.futebolinterior.com.br\/acordao-do-tjd-determina-suspensao-imediata-do-presidente-do-palmeiras\/","chapeu":"MOIO!","data":"17\/05\/2018","imagem":"https:\/\/images.futebolinterior.com.br\/2021\/04\/0002050314345_img-300x188.jpg","resumo":"O prazo come\u00e7ou a contar a partir da \u00faltima segunda-feira, quando o julgamento foi realizado em S\u00e3o Paulo "},"396497":{"titulo":"Rodinei reconhece boa fase do Flamengo, mas descarta favoritismo contra o Vasco","link":"https:\/\/www.futebolinterior.com.br\/rodinei-reconhece-boa-fase-do-flamengo-mas-descarta-favoritismo-contra-o-vasco\/","chapeu":"NADA DISSO!","data":"17\/05\/2018","imagem":"https:\/\/images.futebolinterior.com.br\/2021\/04\/0002050314344_img.jpg","resumo":"Um dia depois de vencer o Emelec no Maracan\u00e3 e garantir vaga na pr\u00f3xima fase da Libertadores, o Flamengo se reapresentou nesta quinta-feira no Ninho do Urubu"},"396485":{"titulo":"Ap\u00f3s entorse, Rodrigo Caio passar\u00e1 por cirurgia no p\u00e9 esquerdo","link":"https:\/\/www.futebolinterior.com.br\/apos-entorse-rodrigo-caio-passara-por-cirurgia-no-pe-esquerdo\/","chapeu":"FORA DA COPA","data":"17\/05\/2018","imagem":"https:\/\/images.futebolinterior.com.br\/2021\/04\/0002050314343_img-300x193.jpg","resumo":"O jogador n\u00e3o foi lembrado pelo t\u00e9cnico Tite e s\u00f3 deve voltar ap\u00f3s a pausa para a Copa do Mundo"}}