{"396335":{"titulo":"Felipe Melo critica embaixadas de Romero: 'Toda a\u00e7\u00e3o gera uma rea\u00e7\u00e3o'","link":"https:\/\/www.futebolinterior.com.br\/felipe-melo-critica-embaixadas-de-romero-toda-acao-gera-uma-reacao\/","chapeu":"N\u00c3O GOSTOU!","data":"18\/05\/2018","imagem":"https:\/\/images.futebolinterior.com.br\/2021\/04\/0002050314475_img-300x183.jpg","resumo":"O Corinthians estava perto de ganhar a partida quando o paraguaio ergueu a bola seguidas vezes com cabe\u00e7adas"},"396321":{"titulo":"Pressionado por resultados, Atl\u00e9tico-PR tem desfalques importantes","link":"https:\/\/www.futebolinterior.com.br\/pressionado-por-resultados-atletico-pr-tem-desfalques-importantes\/","chapeu":"APERTOU","data":"18\/05\/2018","imagem":"https:\/\/images.futebolinterior.com.br\/2021\/04\/0002050314474_img-300x208.jpg","resumo":"A sequ\u00eancia de sete jogos sem vencer estrangulou o planejamento do t\u00e9cnico Fernando Diniz, que vem pressionado por bons resultados no Atl\u00e9tico-PR"},"396363":{"titulo":"Aguirre promete valorizar base, mas n\u00e3o descarta refor\u00e7os caso perca jogadores","link":"https:\/\/www.futebolinterior.com.br\/aguirre-promete-valorizar-base-mas-nao-descarta-reforcos-caso-perca-jogadores\/","chapeu":"OLHO NO MERCADO","data":"18\/05\/2018","imagem":"https:\/\/images.futebolinterior.com.br\/2021\/04\/0002050314467_img-300x193.png","resumo":"\"O S\u00e3o Paulo tem bons jogadores que podem ir para outros mercados. Faz parte\" avaliou"},"396345":{"titulo":"Rodrygo nega contato e diz ainda n\u00e3o se ver pronto para jogar no Barcelona","link":"https:\/\/www.futebolinterior.com.br\/rodrygo-nega-contato-e-diz-ainda-nao-se-ver-pronto-para-jogar-no-barcelona\/","chapeu":"AINDA \u00c9 CEDO!","data":"18\/05\/2018","imagem":"https:\/\/images.futebolinterior.com.br\/2021\/04\/0002050314464_img-225x300.jpg","resumo":"\"N\u00e3o estou preparado, mas treino cada dia para que caso chegue essa proposta que voc\u00eas tanto falam do Barcelona\", afirmou"},"396786":{"titulo":"V\u00cdDEO: Veja como foi a comemora\u00e7\u00e3o de C\u00e1ssio ap\u00f3s convoca\u00e7\u00e3o com direito a fogos","link":"https:\/\/www.futebolinterior.com.br\/video-veja-como-foi-a-comemoracao-de-cassio-apos-convocacao-com-direito-a-fogos\/","chapeu":"FELIZ DA VIDA!","data":"18\/05\/2018","imagem":"https:\/\/images.futebolinterior.com.br\/2021\/04\/0002050314469_img-300x200.jpg","resumo":"Ele foi um dos tr\u00eas goleiros convocados pelo t\u00e9cnico Tite para defender a sele\u00e7\u00e3o brasileira"},"396369":{"titulo":"Santos anuncia contrato de patroc\u00ednio para o n\u00famero da camisa at\u00e9 2020","link":"https:\/\/www.futebolinterior.com.br\/santos-anuncia-contrato-de-patrocinio-para-o-numero-da-camisa-ate-2020\/","chapeu":"ACORDO!","data":"18\/05\/2018","imagem":"https:\/\/images.futebolinterior.com.br\/2021\/04\/0002050314446_img-300x200.jpg","resumo":"A dire\u00e7\u00e3o santista apresentou a parceria com a Orthopride, mas os valores do acordo n\u00e3o foram revelados"},"396382":{"titulo":"Les\u00e3o deve afastar atacante que disputou todos os jogos do Santos em 2018","link":"https:\/\/www.futebolinterior.com.br\/lesao-deve-afastar-atacante-que-disputou-todos-os-jogos-do-santos-em-2018\/","chapeu":"T\u00c1 FORA?","data":"18\/05\/2018","imagem":"https:\/\/images.futebolinterior.com.br\/2021\/04\/0002050314443_img-300x200.jpg","resumo":"Arthur Gomes carrega o status de ser o \u00fanico jogador utilizado em todos os 27 duelos da equipe litor\u00e2nea na temporada"},"396388":{"titulo":"Palmeiras torce por Borja na Copa, mas teme janela de transfer\u00eancias","link":"https:\/\/www.futebolinterior.com.br\/palmeiras-torce-por-borja-na-copa-mas-teme-janela-de-transferencias\/","chapeu":"FELIZ","data":"18\/05\/2018","imagem":"https:\/\/images.futebolinterior.com.br\/2021\/04\/0002050314433_img-300x169.jpg","resumo":"O artilheiro do Palmeiras na temporada com 14 gols orgulha e ao mesmo tempo preocupa o clube"},"396398":{"titulo":"Corinthians espera segurar F\u00e1bio Carille no clube at\u00e9 a Copa do Mundo","link":"https:\/\/www.futebolinterior.com.br\/corinthians-espera-segurar-fabio-carille-no-clube-ate-a-copa-do-mundo\/","chapeu":"PARTIU AR\u00c1BIA?","data":"18\/05\/2018","imagem":"https:\/\/images.futebolinterior.com.br\/2021\/04\/0002050314432_img-300x200.jpg","resumo":"Al Hilal, clube da Ar\u00e1bia Saudita que ofereceu uma proposta considerada \"irrecus\u00e1vel\" ao treinador, s\u00f3 voltar\u00e1 aos gramados em agosto"},"396406":{"titulo":"BRASILEIR\u00c3O: Em rodada de cl\u00e1ssicos, visitantes tentam provar suas for\u00e7as","link":"https:\/\/www.futebolinterior.com.br\/brasileirao-em-rodada-de-classicos-visitantes-tentam-provar-suas-forcas\/","chapeu":"QUEM LEVA?","data":"18\/05\/2018","imagem":"https:\/\/images.futebolinterior.com.br\/2021\/04\/0002050314420_img-300x200.jpg","resumo":"A segunda parte dos cl\u00e1ssicos deste in\u00edcio de Brasileir\u00e3o d\u00e1 as caras neste fim de semana (19 a 21 de maio) com Flamengo x Vasco, Atl\u00e9tico-MG x Cruzeiro e S\u00e3o Paulo x Santos"}}