{"396392":{"titulo":"Flamengo x Vasco - Meng\u00e3o pode afundar de vez o Gigante?","link":"https:\/\/www.futebolinterior.com.br\/flamengo-x-vasco-mengao-pode-afundar-de-vez-o-gigante\/","chapeu":"AI SIM","data":"18\/05\/2018","imagem":"https:\/\/images.futebolinterior.com.br\/2021\/04\/0002050314451_img-300x200.jpg","resumo":"A cobran\u00e7a em cima do elenco do Flamengo sempre vai ser grande, principalmente com o elenco estrelado montado para a temporada"},"396394":{"titulo":"Atl\u00e9tico-MG x Cruzeiro - Cl\u00e1ssico Mineiro vai esquentar Belo Horizonte","link":"https:\/\/www.futebolinterior.com.br\/atletico-mg-x-cruzeiro-classico-mineiro-vai-esquentar-belo-horizonte\/","chapeu":"APERTOU","data":"18\/05\/2018","imagem":"https:\/\/images.futebolinterior.com.br\/2021\/04\/0002050314450_img-300x210.jpg","resumo":"Belo Horizonte vai ferver neste s\u00e1bado, pela 6\u00aa rodada do Campeonato Brasileiro"},"396263":{"titulo":"Mano confirma aus\u00eancias de Edilson e Thiago Neves e n\u00e3o garante Cruzeiro 100%","link":"https:\/\/www.futebolinterior.com.br\/mano-confirma-ausencias-de-edilson-e-thiago-neves-e-nao-garante-cruzeiro-100\/","chapeu":"NO CL\u00c1SSICO","data":"18\/05\/2018","imagem":"https:\/\/images.futebolinterior.com.br\/2021\/04\/0002050314523_img-300x200.jpg","resumo":"Se a aus\u00eancias dos dois foi confirmada, a escala\u00e7\u00e3o ainda \u00e9 um mist\u00e9rio, uma vez que o treinador fechou o treino"},"396271":{"titulo":"Felipe Melo v\u00ea motiva\u00e7\u00e3o pol\u00edtica no Palmeiras em press\u00e3o para demitir treinador","link":"https:\/\/www.futebolinterior.com.br\/felipe-melo-ve-motivacao-politica-no-palmeiras-em-pressao-para-demitir-treinador\/","chapeu":"LOUCURA!","data":"18\/05\/2018","imagem":"https:\/\/images.futebolinterior.com.br\/2021\/04\/0002050314506_img-280x300.jpg","resumo":"\"N\u00e3o tem l\u00f3gica pedir a sa\u00edda. Acabamos de nos classificar em primeiro geral na Libertadores\", afirmou o volante"},"396315":{"titulo":"Ap\u00f3s goleada, Corinthians poupa cinco titulares contra o Sport","link":"https:\/\/www.futebolinterior.com.br\/apos-goleada-corinthians-poupa-cinco-titulares-contra-o-sport\/","chapeu":"\u00c9 O JEITO","data":"18\/05\/2018","imagem":"https:\/\/images.futebolinterior.com.br\/2021\/04\/0002050314520_img-300x188.jpg","resumo":"C\u00e1ssio, Balbuena, Jadson, Rodriguinho e Romero j\u00e1 voltaram para S\u00e3o Paulo"},"396294":{"titulo":"'Nada melhor que um cl\u00e1ssico para dar a volta por cima', diz Pikachu no Vasco","link":"https:\/\/www.futebolinterior.com.br\/nada-melhor-que-um-classico-para-dar-a-volta-por-cima-diz-pikachu-no-vasco\/","chapeu":"\u00c9 A HORA","data":"18\/05\/2018","imagem":"https:\/\/images.futebolinterior.com.br\/2021\/04\/0002050314505_img-300x191.jpg","resumo":" N\u00e3o bastasse a press\u00e3o natural pelo momento, o pr\u00f3ximo compromisso ser\u00e1 diante do Flamengo "},"396304":{"titulo":"Tim\u00e3o goleia, mas preocupa\u00e7\u00e3o agora \u00e9 perder o t\u00e9cnico F\u00e1bio Carille","link":"https:\/\/www.futebolinterior.com.br\/timao-goleia-mas-preocupacao-agora-e-perder-o-tecnico-fabio-carille\/","chapeu":"OPINI\u00c3O","data":"18\/05\/2018","imagem":"https:\/\/images.futebolinterior.com.br\/2021\/04\/0002050314499_img-300x244.jpg","resumo":"Corinthians garantiu sua vaga no mata matas da Libertadores com incr\u00edvel goleada. Fez 7 a 2 em cima do fr\u00e1gil Deportivo LARA"},"396286":{"titulo":"Crici\u00fama busca dupla da Chapecoense para se refor\u00e7ar na S\u00e9rie B","link":"https:\/\/www.futebolinterior.com.br\/criciuma-busca-dupla-da-chapecoense-para-se-reforcar-na-serie-b\/","chapeu":"TENTANDO!","data":"18\/05\/2018","imagem":"https:\/\/images.futebolinterior.com.br\/2021\/04\/0002050314491_img-300x200.jpg","resumo":"Nadson e Osman interessam ao Trigre, mas o Verd\u00e3o n\u00e3o pretende liber\u00e1-los"},"396317":{"titulo":"Abel descarta retorno de Iba\u00f1ez ao Flu e prev\u00ea duelo dif\u00edcil contra o Atl\u00e9tico-PR","link":"https:\/\/www.futebolinterior.com.br\/abel-descarta-retorno-de-ibanez-ao-flu-e-preve-duelo-dificil-contra-o-atletico-pr\/","chapeu":"DIFICULTA!","data":"18\/05\/2018","imagem":"https:\/\/images.futebolinterior.com.br\/2021\/04\/0002050314479_img-300x178.jpg","resumo":"A m\u00e1 fase do Atl\u00e9tico-PR, que n\u00e3o vence h\u00e1 sete partidas, n\u00e3o significa para o Fluminense que o duelo marcado para este domingo, \u00e0s 19 horas, no Maracan\u00e3, ser\u00e1 f\u00e1cil"},"396325":{"titulo":"Odair Hellmann fecha treino, mas confirma volta de Eden\u00edlson ao Internacional","link":"https:\/\/www.futebolinterior.com.br\/odair-hellmann-fecha-treino-mas-confirma-volta-de-edenilson-ao-internacional\/","chapeu":"T\u00c1 CONFIRMADO!","data":"18\/05\/2018","imagem":"https:\/\/images.futebolinterior.com.br\/2021\/04\/0002050314477_img-300x172.jpg","resumo":"Na prepara\u00e7\u00e3o para enfrentar a Chapecoense, segunda, pela sexta rodada do Brasileir\u00e3o, o Colorado adotou a privacidade nesta sexta"}}