{"396183":{"titulo":"Rodrigo Caio passa por cirurgia e deve ficar dois meses em tratamento","link":"https:\/\/www.futebolinterior.com.br\/rodrigo-caio-passa-por-cirurgia-e-deve-ficar-dois-meses-em-tratamento\/","chapeu":"AFASTADO","data":"18\/05\/2018","imagem":"https:\/\/images.futebolinterior.com.br\/2021\/04\/0002050314570_img-300x193.jpg","resumo":"Ele n\u00e3o joga desde o empate por 0 a 0 com o Cear\u00e1, pela terceira rodada do Campeonato Brasileiro"},"396193":{"titulo":"S\u00e3o Paulo faz jogo-treino contra time sub-20 em prepara\u00e7\u00e3o para o cl\u00e1ssico","link":"https:\/\/www.futebolinterior.com.br\/sao-paulo-faz-jogo-treino-contra-time-sub-20-em-preparacao-para-o-classico\/","chapeu":"PREPARA\u00c7\u00c3O","data":"18\/05\/2018","imagem":"https:\/\/images.futebolinterior.com.br\/2021\/04\/0002050314563_img-300x193.jpg","resumo":"Em coletiva, o t\u00e9cnico Diego Aguirre se negou a falar sobre escala\u00e7\u00e3o e forma\u00e7\u00e3o da equipe tricolor para o duelo "},"396207":{"titulo":"Ap\u00f3s dois gols, J\u00fanior Dutra espera iniciar nova fase no Corinthians","link":"https:\/\/www.futebolinterior.com.br\/apos-dois-gols-junior-dutra-espera-iniciar-nova-fase-no-corinthians\/","chapeu":"AGORA VAI","data":"18\/05\/2018","imagem":"https:\/\/images.futebolinterior.com.br\/2021\/04\/0002050314562_img-300x157.jpg","resumo":"O jogador entrou no final da partida contra o Deportivo Lara e marcou os dois \u00faltimos gols da vit\u00f3ria por 7 a 2"},"396209":{"titulo":"Em dia de homenagens a Geromel, Gr\u00eamio treina sem dar pistas do time para domingo","link":"https:\/\/www.futebolinterior.com.br\/em-dia-de-homenagens-a-geromel-gremio-treina-sem-dar-pistas-do-time-para-domingo\/","chapeu":"BOA","data":"18\/05\/2018","imagem":"https:\/\/images.futebolinterior.com.br\/2021\/04\/0002050314558_img-300x200.jpg","resumo":" Jael, por\u00e9m, voltou a sentir o problema muscular na coxa direita e precisou deixar o treinamento mais cedo"},"396223":{"titulo":"Valentim confirma volta de L\u00e9o Valencia no Botafogo, mas n\u00e3o garante titularidade","link":"https:\/\/www.futebolinterior.com.br\/valentim-confirma-volta-de-leo-valencia-no-botafogo-mas-nao-garante-titularidade\/","chapeu":"QUEM JOGA?","data":"18\/05\/2018","imagem":"https:\/\/images.futebolinterior.com.br\/2021\/04\/0002050314551_img-300x148.jpg","resumo":"\"O L\u00e9o Val\u00eancia est\u00e1 treinando normalmente, assim como o Mois\u00e9s. O Marcelo ainda n\u00e3o est\u00e1 bem\", disse"},"396225":{"titulo":"Dourado ignora fase do Vasco e pede vit\u00f3ria no cl\u00e1ssico para manter embalo do Fla","link":"https:\/\/www.futebolinterior.com.br\/dourado-ignora-fase-do-vasco-e-pede-vitoria-no-classico-para-manter-embalo-do-fla\/","chapeu":"COM TUDO","data":"18\/05\/2018","imagem":"https:\/\/images.futebolinterior.com.br\/2021\/04\/0002050314547_img-300x200.jpg","resumo":"E para dar ainda mais for\u00e7a ao time rubro-negro, o atacante fez um apelo \u00e0 torcida"},"396234":{"titulo":"Tudo que rola no futebol do Brasil no final de semana em destaque no Futebol Interior TV","link":"https:\/\/www.futebolinterior.com.br\/tudo-que-rola-no-futebol-do-brasil-no-final-de-semana-em-destaque-no-futebol-interior-tv\/","chapeu":"TUDO AO VIVO","data":"18\/05\/2018","imagem":"https:\/\/images.futebolinterior.com.br\/2021\/04\/0002050314538_img-300x170.jpg","resumo":"O apresentador Guina Paiva recebe os irm\u00e3os Marcelo e Carlos Corsato, al\u00e9m de Zico entrevistando Neymar"},"396254":{"titulo":"De olho em revela\u00e7\u00f5es, Aguirre levar\u00e1 treinos do S\u00e3o Paulo para Cotia","link":"https:\/\/www.futebolinterior.com.br\/de-olho-em-revelacoes-aguirre-levara-treinos-do-sao-paulo-para-cotia\/","chapeu":"BOA INICIATIVA","data":"18\/05\/2018","imagem":"https:\/\/images.futebolinterior.com.br\/2021\/04\/0002050314532_img-300x193.jpg","resumo":"Uma das raz\u00f5es s\u00e3o as poss\u00edveis sa\u00eddas de pe\u00e7as importantes do elenco, como Rodrigo Caio e Cueva"},"396252":{"titulo":"Larghi confirma Elias e indica volta de Luan ao Atl\u00e9tico-MG no cl\u00e1ssico","link":"https:\/\/www.futebolinterior.com.br\/larghi-confirma-elias-e-indica-volta-de-luan-ao-atletico-mg-no-classico\/","chapeu":"A\u00cd SIM","data":"18\/05\/2018","imagem":"https:\/\/images.futebolinterior.com.br\/2021\/04\/0002050314529_img-300x200.jpg","resumo":"Na defesa, est\u00e1 o principal ponto de interroga\u00e7\u00e3o. Bremer, Gabriel e Leonardo Silva brigam por duas vagas"},"396390":{"titulo":"Palmeiras x Bahia - Verd\u00e3o quer seguir subindo no Brasileir\u00e3o","link":"https:\/\/www.futebolinterior.com.br\/palmeiras-x-bahia-verdao-quer-seguir-subindo-no-brasileirao\/","chapeu":"PRA CIMA","data":"18\/05\/2018","imagem":"https:\/\/images.futebolinterior.com.br\/2021\/04\/0002050314452_img-300x188.jpg","resumo":"O Palmeiras quer seguir na briga pela lideran\u00e7a do Campeonato Brasileiro"}}