{"395968":{"titulo":"Barbieri lamenta perda da lideran\u00e7a e admite 'insatisfa\u00e7\u00e3o' com empate do Fla","link":"https:\/\/www.futebolinterior.com.br\/barbieri-lamenta-perda-da-lideranca-e-admite-insatisfacao-com-empate-do-fla\/","chapeu":"NA BRONCA","data":"20\/05\/2018","imagem":"https:\/\/images.futebolinterior.com.br\/2021\/04\/0002050314802_img-300x188.jpg","resumo":"Treinador flamenguista disse que n\u00e3o gostou da atua\u00e7\u00e3o de seus comandados"},"395986":{"titulo":"Em grande fase no Gr\u00eamio, Renato Ga\u00facho prev\u00ea: 'Minha chance na sele\u00e7\u00e3o chegar\u00e1'","link":"https:\/\/www.futebolinterior.com.br\/em-grande-fase-no-gremio-renato-gaucho-preve-minha-chance-na-selecao-chegara\/","chapeu":"ENTREVISTA","data":"20\/05\/2018","imagem":"https:\/\/images.futebolinterior.com.br\/2021\/04\/0002050314801_img-300x200.jpg","resumo":"O treinador falou sobre Copa do Mundo, seu trabalho no Gr\u00eamio e muito mais em entrevista"},"395988":{"titulo":"Sport vai estrear Rafael Marques e n\u00e3o se ilude com time misto do Corinthians","link":"https:\/\/www.futebolinterior.com.br\/sport-vai-estrear-rafael-marques-e-nao-se-ilude-com-time-misto-do-corinthians\/","chapeu":"CONFIRMADO","data":"20\/05\/2018","imagem":"https:\/\/images.futebolinterior.com.br\/2021\/04\/0002050314800_img-300x200.jpg","resumo":"O centroavante atua como refer\u00eancia no sistema de tr\u00eas atacantes do t\u00e9cnico Claudinei Oliveira"},"396004":{"titulo":"Palmeiras 3 x 0 Bahia - Verd\u00e3o goleia e encosta nos l\u00edderes","link":"https:\/\/www.futebolinterior.com.br\/palmeiras-3-x-0-bahia-verdao-goleia-e-encosta-nos-lideres\/","chapeu":"FOI F\u00c1CIL","data":"19\/05\/2018","imagem":"https:\/\/images.futebolinterior.com.br\/2021\/04\/0002050314778_img-235x300.jpg","resumo":"Sem perder h\u00e1 quatro jogos, o time alviverde chegou aos 11 pontos, dois a menos que o l\u00edder Atl\u00e9tico-MG"},"396034":{"titulo":"Confira TODOS os resultados deste s\u00e1bado de cl\u00e1ssicos e decis\u00f5es pelo mundo","link":"https:\/\/www.futebolinterior.com.br\/confira-todos-os-resultados-deste-sabado-de-classicos-e-decisoes-pelo-mundo\/","chapeu":"S\u00d3 NO FI!","data":"19\/05\/2018","imagem":"https:\/\/images.futebolinterior.com.br\/2021\/04\/0002050314777_img-300x200.jpg","resumo":"Dia foi de t\u00edtulos nas copas europeis e de confrontos de muita rivalidade em solo brasileiro"},"396010":{"titulo":"BRASILEIR\u00c3O: Em dia de cl\u00e1ssicos, Galo ultrapassa Fla e dorme l\u00edder; Palmeiras sobe","link":"https:\/\/www.futebolinterior.com.br\/brasileirao-em-dia-de-classicos-galo-ultrapassa-fla-e-dorme-lider-palmeiras-sobe\/","chapeu":"S\u00c1BADO QUENTE","data":"19\/05\/2018","imagem":"https:\/\/images.futebolinterior.com.br\/2021\/04\/0002050314776_img-300x200.jpg","resumo":"Atleticanos s\u00f3 conseguiram alcan\u00e7ar a ponta por causa do empate dos flamenguistas em duelo com o Vasco"},"396018":{"titulo":"Flamengo 1 x 1 Vasco - Pouco futebol, 4 expuls\u00f5es e muita tens\u00e3o!","link":"https:\/\/www.futebolinterior.com.br\/flamengo-1-x-1-vasco-pouco-futebol-4-expulsoes-e-muita-tensao\/","chapeu":"CLIMA PESADO!","data":"19\/05\/2018","imagem":"https:\/\/images.futebolinterior.com.br\/2021\/04\/0002050314766_img-300x200.jpg","resumo":"Flamengo 1 x 1 Vasco - Pouco futebol, 4 expuls\u00f5es e muita tens\u00e3o!"},"396056":{"titulo":"Atl\u00e9tico-MG 1 x 0 Cruzeiro - R\u00f3ger Guedes garante vit\u00f3ria no cl\u00e1ssico!","link":"https:\/\/www.futebolinterior.com.br\/atletico-mg-1-x-0-cruzeiro-roger-guedes-garante-vitoria-no-classico\/","chapeu":"DEU GALO","data":"19\/05\/2018","imagem":0,"resumo":"Atacante atleticano se isolou na artilharia do torneio, com cinco gols marcados nos \u00faltimos cinco jogos"},"396089":{"titulo":"Fluminense x Atl\u00e9tico-PR - Hora de se reabilitar no Brasileir\u00e3o","link":"https:\/\/www.futebolinterior.com.br\/fluminense-x-atletico-pr-hora-de-se-reabilitar-no-brasileirao\/","chapeu":"X\u00d4, CRISE","data":"19\/05\/2018","imagem":"https:\/\/images.futebolinterior.com.br\/2021\/04\/0002050314655_img-300x169.png","resumo":"Os dois times vem de derrotas e querem se aproximar das primeiras coloca\u00e7\u00f5es"},"396091":{"titulo":"Am\u00e9rica-MG x Botafogo - Briga pela Libertadores ou contra o rebaixamento?","link":"https:\/\/www.futebolinterior.com.br\/america-mg-x-botafogo-briga-pela-libertadores-ou-contra-o-rebaixamento\/","chapeu":"NA MEIUCA","data":"19\/05\/2018","imagem":"https:\/\/images.futebolinterior.com.br\/2021\/04\/0002050314654_img-300x200.jpg","resumo":"O Fog\u00e3o \u00e9 o sexto colocado, abrindo a zona de classifica\u00e7\u00e3o \u00e0 Pr\u00e9-Libertodores, mas est\u00e1 apenas tr\u00eas pontos acima do Z4"}}