{"395958":{"titulo":"Provocado por torcida do Atl\u00e9tico, Mano Menezes responde com gesto obsceno","link":"https:\/\/www.futebolinterior.com.br\/provocado-por-torcida-do-atletico-mano-menezes-responde-com-gesto-obsceno\/","chapeu":"APELOU","data":"20\/05\/2018","imagem":"https:\/\/images.futebolinterior.com.br\/2021\/04\/0002050314814_img-300x170.jpg","resumo":"O Cruzeiro perdeu para o Atl\u00e9tico por 1 a 0, neste s\u00e1bado, em partida v\u00e1lida pela sexta rodada do Brasileir\u00e3o"},"395964":{"titulo":"Roger celebra 'primeiro tempo brilhante' do Palmeiras e aproxima\u00e7\u00e3o dos l\u00edderes","link":"https:\/\/www.futebolinterior.com.br\/roger-celebra-primeiro-tempo-brilhante-do-palmeiras-e-aproximacao-dos-lideres\/","chapeu":"SATISFEITO","data":"20\/05\/2018","imagem":"https:\/\/images.futebolinterior.com.br\/2021\/04\/0002050314813_img-300x169.jpg","resumo":"A equipe subiu para 11 pontos, na terceira coloca\u00e7\u00e3o, dois pontos atr\u00e1s do Atl\u00e9tico-MG, que est\u00e1 na ponta provisoriamente"},"395966":{"titulo":"Z\u00e9 Ricardo celebra empate no cl\u00e1ssico e destaca evolu\u00e7\u00e3o do Vasco","link":"https:\/\/www.futebolinterior.com.br\/ze-ricardo-celebra-empate-no-classico-e-destaca-evolucao-do-vasco\/","chapeu":"DE BOM TAMANHO","data":"20\/05\/2018","imagem":"https:\/\/images.futebolinterior.com.br\/2021\/04\/0002050314811_img-300x156.jpg","resumo":"O Vasco saiu perdendo, mas buscou o empate por 1 a 1, no Maracan\u00e3, pela sexta rodada do Brasileir\u00e3o"},"395978":{"titulo":"Efici\u00eancia \u00e9 receita de Fernando Diniz por fim de jejum de 7 jogos no Atl\u00e9tico-PR","link":"https:\/\/www.futebolinterior.com.br\/eficiencia-e-receita-de-fernando-diniz-por-fim-de-jejum-de-7-jogos-no-atletico-pr\/","chapeu":"M\u00c1 FASE","data":"20\/05\/2018","imagem":"https:\/\/images.futebolinterior.com.br\/2021\/04\/0002050314809_img-300x200.jpg","resumo":"O Furac\u00e3o enfrenta o Fluminense, neste domingo, \u00e0s 19 horas, pela sexta rodada do Brasileir\u00e3o"},"395976":{"titulo":"Willian inicia sequ\u00eancia com gol e chance perdida na vit\u00f3ria diante do Bahia","link":"https:\/\/www.futebolinterior.com.br\/willian-inicia-sequencia-com-gol-e-chance-perdida-na-vitoria-diante-do-bahia\/","chapeu":"OPORTUNIDADE","data":"20\/05\/2018","imagem":"https:\/\/images.futebolinterior.com.br\/2021\/04\/0002050314808_img-300x200.jpg","resumo":"O atacante ter\u00e1 mais oportunidades j\u00e1 que Borja vai se apresentar \u00e0 sele\u00e7\u00e3o colombiana para a disputa da Copa do Mundo"},"395980":{"titulo":"Embalado, Botafogo duela contra o Am\u00e9rica-MG para seguir na ca\u00e7a aos l\u00edderes","link":"https:\/\/www.futebolinterior.com.br\/embalado-botafogo-duela-contra-o-america-mg-para-seguir-na-caca-aos-lideres\/","chapeu":"OTIMISTA","data":"20\/05\/2018","imagem":"https:\/\/images.futebolinterior.com.br\/2021\/04\/0002050314807_img-300x200.jpg","resumo":"A equipe carioca tenta derrubar o tabu de nunca ter vencido o Coelho em Minas Gerais"},"395972":{"titulo":"Larghi celebra vit\u00f3ria do Atl\u00e9tico-MG e minimiza op\u00e7\u00e3o do Cruzeiro pelos reservas","link":"https:\/\/www.futebolinterior.com.br\/larghi-celebra-vitoria-do-atletico-mg-e-minimiza-opcao-do-cruzeiro-pelos-reservas\/","chapeu":"\u00c9 CL\u00c1SSICO","data":"20\/05\/2018","imagem":"https:\/\/images.futebolinterior.com.br\/2021\/04\/0002050314806_img-300x146.jpg","resumo":"Treinador tamb\u00e9m afirmou que ue o resultado poderia ser ainda mais favor\u00e1vel aos atleticanos"},"395982":{"titulo":"Com time misto no Recife, Walter tenta aproveitar chance no gol do Corinthians","link":"https:\/\/www.futebolinterior.com.br\/com-time-misto-no-recife-walter-tenta-aproveitar-chance-no-gol-do-corinthians\/","chapeu":"O SUBSTITUTO","data":"20\/05\/2018","imagem":"https:\/\/images.futebolinterior.com.br\/2021\/04\/0002050314805_img-300x169.jpg","resumo":"O goleiro deve ter uma sequ\u00eancia de jogos como titular j\u00e1 que C\u00e1ssio se apresenta \u00e0 Sele\u00e7\u00e3o Brasileira para a disputa da Copa do Mundo"},"395984":{"titulo":"No Morumbi, S\u00e3o Paulo e Santos fazem cl\u00e1ssico da instabilidade no Brasileir\u00e3o","link":"https:\/\/www.futebolinterior.com.br\/no-morumbi-sao-paulo-e-santos-fazem-classico-da-instabilidade-no-brasileirao\/","chapeu":"TEMPOS DIF\u00cdCEIS","data":"20\/05\/2018","imagem":"https:\/\/images.futebolinterior.com.br\/2021\/04\/0002050314804_img-300x188.jpg","resumo":"As equipes tentam por fim \u00e0 oscila\u00e7\u00e3o na temporada e entrar de vez na briga por uma vaga na pr\u00f3xima Libertadores"},"395970":{"titulo":"Cruzeiro critica tratamento no cl\u00e1ssico e Atl\u00e9tico-MG rebate: 'Choro de perdedor'","link":"https:\/\/www.futebolinterior.com.br\/cruzeiro-critica-tratamento-no-classico-e-atletico-mg-rebate-choro-de-perdedor\/","chapeu":"IHHH...","data":"20\/05\/2018","imagem":"https:\/\/images.futebolinterior.com.br\/2021\/04\/0002050314803_img-300x200.jpg","resumo":"Durante a semana, os clubes travaram uma batalha na Justi\u00e7a, em que o time celeste requisitava ingressos para seus torcedores"}}