{"396093":{"titulo":"S\u00e3o Paulo x Santos \u2013 Vencer o cl\u00e1ssico pra espantar a desconfian\u00e7a","link":"https:\/\/www.futebolinterior.com.br\/sao-paulo-x-santos-vencer-o-classico-pra-espantar-a-desconfianca\/","chapeu":"JOG\u00c3O","data":"19\/05\/2018","imagem":"https:\/\/images.futebolinterior.com.br\/2021\/04\/0002050314653_img-300x188.jpg","resumo":"Os dois times seguem sem empolgar a torcida na temproada 2018 e uma derrota pode significar crise"},"396095":{"titulo":"Sport x Corinthians - Bem modificado, Tim\u00e3o busca lideran\u00e7a","link":"https:\/\/www.futebolinterior.com.br\/sport-x-corinthians-bem-modificado-timao-busca-lideranca\/","chapeu":"POUPANDO","data":"19\/05\/2018","imagem":"https:\/\/images.futebolinterior.com.br\/2021\/04\/0002050314651_img-300x169.jpg","resumo":"O t\u00e9cnico F\u00e1bio Carille deve poupar sete titulares que disputaram a partida contra o Deportivo Lara na \u00faltima quinta-feira"},"396097":{"titulo":"Paran\u00e1 x Gr\u00eamio - Segue a busca pela primeira vit\u00f3ria","link":"https:\/\/www.futebolinterior.com.br\/parana-x-gremio-segue-a-busca-pela-primeira-vitoria\/","chapeu":"T\u00c1 DIF\u00cdCIL","data":"19\/05\/2018","imagem":"https:\/\/images.futebolinterior.com.br\/2021\/04\/0002050314650_img-300x169.jpg","resumo":"O time paranaense \u00e9 o lanterna do Brasileir\u00e3o com apenas um ponto e ter\u00e1 advers\u00e1rio complicado neste domingo"},"396103":{"titulo":"Jejum de gols incomoda elenco do Internacional no Brasileir\u00e3o","link":"https:\/\/www.futebolinterior.com.br\/jejum-de-gols-incomoda-elenco-do-internacional-no-brasileirao\/","chapeu":"T\u00c1 DEVENDO","data":"19\/05\/2018","imagem":"https:\/\/images.futebolinterior.com.br\/2021\/04\/0002050314649_img-300x189.jpg","resumo":"O Colorado n\u00e3o sabe o que \u00e9 balan\u00e7ar as redes advers\u00e1rias h\u00e1 cinco partidas"},"396105":{"titulo":"Renato Ga\u00facho faz mist\u00e9rio e Gr\u00eamio viaja para Curitiba com alguns desfalques","link":"https:\/\/www.futebolinterior.com.br\/renato-gaucho-faz-misterio-e-gremio-viaja-para-curitiba-com-alguns-desfalques\/","chapeu":"QUEM JOGA?","data":"19\/05\/2018","imagem":"https:\/\/images.futebolinterior.com.br\/2021\/04\/0002050314645_img-300x200.jpg","resumo":"O treinamento realizado na manh\u00e3 deste s\u00e1bado foi fechado para a imprensa"},"396112":{"titulo":"Corinthians encerra prepara\u00e7\u00e3o e Carille confirma sete mudan\u00e7as","link":"https:\/\/www.futebolinterior.com.br\/corinthians-encerra-preparacao-e-carille-confirma-sete-mudancas\/","chapeu":"MIST\u00c3O","data":"19\/05\/2018","imagem":"https:\/\/images.futebolinterior.com.br\/2021\/04\/0002050314644_img-300x200.jpg","resumo":"Apenas quatro jogadores que foram titulares contra o Deportivo Lara-VEN ser\u00e3o mantidos"},"396110":{"titulo":"Ex-\u00e1rbitra assistente vira jornalista, escritora e lan\u00e7a livro em S\u00e3o Paulo","link":"https:\/\/www.futebolinterior.com.br\/ex-arbitra-assistente-vira-jornalista-escritora-e-lanca-livro-em-sao-paulo\/","chapeu":"MUSA JORNALISTA","data":"19\/05\/2018","imagem":"https:\/\/images.futebolinterior.com.br\/2021\/04\/0002050314632_img-185x300.jpg","resumo":"Ex-\u00e1rbitra assistente de futebol, Fernanda Colombo, escreveu o livro \"Aprenda as regras do futebol de maneira l\u00fadica e divertida\" e o lan\u00e7a dia 07\/06, no Shopping Morumbi, em SP"},"396118":{"titulo":"Emprestado pelo Flamengo, Canteros assina com a Chapecoense at\u00e9 o fim do ano","link":"https:\/\/www.futebolinterior.com.br\/emprestado-pelo-flamengo-canteros-assina-com-a-chapecoense-ate-o-fim-do-ano\/","chapeu":"ELE FICA!","data":"19\/05\/2018","imagem":"https:\/\/images.futebolinterior.com.br\/2021\/04\/0002050314629_img-300x188.jpg","resumo":"O jogador ganhou espa\u00e7o com Gilson Kleina e \u00e9 um dos titulares absolutos da Chape"},"396122":{"titulo":"Osmar Loss, candidato a suceder F\u00e1bio Carille, \u00e9 o dur\u00e3o que sonha assumir time","link":"https:\/\/www.futebolinterior.com.br\/osmar-loss-candidato-a-suceder-fabio-carille-e-o-durao-que-sonha-assumir-time\/","chapeu":"BOLA DA VEZ","data":"19\/05\/2018","imagem":"https:\/\/images.futebolinterior.com.br\/2021\/04\/0002050314627_img-300x175.jpg","resumo":"O atual treinador do Corinthians deve trocar o time pelo Al Hilal, da Ar\u00e1bia Saudita"},"396124":{"titulo":"Em busca de time base, Aguirre quer aproveitar cl\u00e1ssico para 'sanar d\u00favidas'","link":"https:\/\/www.futebolinterior.com.br\/em-busca-de-time-base-aguirre-quer-aproveitar-classico-para-sanar-duvidas\/","chapeu":"QUEM JOGA?","data":"19\/05\/2018","imagem":"https:\/\/images.futebolinterior.com.br\/2021\/04\/0002050314626_img-300x193.jpg","resumo":"O treinador promoveu um rod\u00edzio em seus primeiros jogos no Tricolor, mas agora procura uma forma\u00e7\u00e3o titular"}}