{"395610":{"titulo":"Internacional acerta com Rodrigo Caetano, ex-executivo de futebol de Vasco e Flamengo","link":"https:\/\/www.futebolinterior.com.br\/internacional-acerta-com-rodrigo-caetano-ex-executivo-de-futebol-de-vasco-e-flamengo\/","chapeu":"OPA!","data":"21\/05\/2018","imagem":"https:\/\/images.futebolinterior.com.br\/2021\/04\/0002050315169_img-300x200.jpg","resumo":"Restam apenas detalhes para o Colorado anunciar o dirigente; a data limite \u00e9 nesta ter\u00e7a"},"395621":{"titulo":"Inter 3 x 0 Chapecoense - Colorado vence e encerra jejum de quatro jogos sem marcar","link":"https:\/\/www.futebolinterior.com.br\/inter-3-x-0-chapecoense-colorado-vence-e-encerra-jejum-de-quatro-jogos-sem-marcar\/","chapeu":"PONTO FINAL!","data":"21\/05\/2018","imagem":"https:\/\/images.futebolinterior.com.br\/2021\/04\/0002050315131_img-300x146.jpg","resumo":"O time ga\u00facho enfim balan\u00e7ou as redes e acabou deixando a zona de rebaixamento do Brasileir\u00e3o"},"395776":{"titulo":"Sele\u00e7\u00e3o da sexta rodada do Brasileir\u00e3o conta com trio de ataque \u201csubestimado\u201d","link":"https:\/\/www.futebolinterior.com.br\/selecao-da-sexta-rodada-do-brasileirao-conta-com-trio-de-ataque-subestimado\/","chapeu":"SURPREENDENTES!","data":"21\/05\/2018","imagem":"https:\/\/images.futebolinterior.com.br\/2021\/04\/0002050315128_img-300x200.jpg","resumo":"O trio de ataque do time destaque da rodada \u00e9 comandado por Roger Guedes, Borja e Ne\u00edlton"},"395637":{"titulo":"Atl\u00e9tico-MG acerta contrato definitivo de Gustavo Blanco at\u00e9 2022","link":"https:\/\/www.futebolinterior.com.br\/atletico-mg-acerta-contrato-definitivo-de-gustavo-blanco-ate-2022\/","chapeu":"TOP","data":"21\/05\/2018","imagem":"https:\/\/images.futebolinterior.com.br\/2021\/04\/0002050315122_img-300x146.jpg","resumo":"O valor teria sido definido ainda no fim de 2017, antes de o clube mineiro exercer o seu direito de compra do jogador"},"395633":{"titulo":"S\u00e9rie B: Goi\u00e1s abre negocia\u00e7\u00e3o para contratar volante Fernando Bob","link":"https:\/\/www.futebolinterior.com.br\/serie-b-goias-abre-negociacao-para-contratar-volante-fernando-bob\/","chapeu":"OUTRO MEDALH\u00c3O","data":"21\/05\/2018","imagem":"https:\/\/images.futebolinterior.com.br\/2021\/04\/0002050315119_img-300x168.jpg","resumo":"O jogador n\u00e3o fez nenhuma partida nesta temporada pelo Internacional, onde n\u00e3o est\u00e1 sendo aproveitado"},"395641":{"titulo":"'Eu mereci as cr\u00edticas no Palmeiras no ano passado', afirma Miguel Borja","link":"https:\/\/www.futebolinterior.com.br\/eu-mereci-as-criticas-no-palmeiras-no-ano-passado-afirma-miguel-borja\/","chapeu":"MELHOROU MUITO","data":"21\/05\/2018","imagem":"https:\/\/images.futebolinterior.com.br\/2021\/04\/0002050315117_img-300x191.jpg","resumo":"O atacante afirmou que logo ap\u00f3s a chegada ao Brasil, sofreu com excesso de expectativa"},"395639":{"titulo":"Santos acerta empr\u00e9stimo de lateral Caju para Apoel, do Chipre","link":"https:\/\/www.futebolinterior.com.br\/santos-acerta-emprestimo-de-lateral-caju-para-apoel-do-chipre\/","chapeu":"FOI-SE","data":"21\/05\/2018","imagem":"https:\/\/images.futebolinterior.com.br\/2021\/04\/0002050315114_img-300x225.jpg","resumo":"O Apoel fica com o jogador at\u00e9 o final da temporada e com valor estipulado caso opte por compr\u00e1-lo"},"395656":{"titulo":"Libertadores: Jael vira d\u00favida no Gr\u00eamio e Michel volta s\u00f3 volta ap\u00f3s a Copa","link":"https:\/\/www.futebolinterior.com.br\/libertadores-jael-vira-duvida-no-gremio-e-michel-volta-so-volta-apos-a-copa\/","chapeu":"EITA","data":"21\/05\/2018","imagem":"https:\/\/images.futebolinterior.com.br\/2021\/04\/0002050315113_img-300x200.jpg","resumo":"Nesta segunda-feira, Arthur e Everton correram em torno do campo, no processo de recupera\u00e7\u00e3o de les\u00e3o"},"395654":{"titulo":"Palmeiras traz dois garotos da base para repor ida de Borja \u00e0 Copa","link":"https:\/\/www.futebolinterior.com.br\/palmeiras-traz-dois-garotos-da-base-para-repor-ida-de-borja-a-copa\/","chapeu":"PROMOVIDOS","data":"21\/05\/2018","imagem":"https:\/\/images.futebolinterior.com.br\/2021\/04\/0002050315112_img-300x183.jpg","resumo":"Fernando e Papagaio v\u00e3o fazer um trabalho de interc\u00e2mbio no elenco profissional enquanto o colombiano desfalca o time"},"395662":{"titulo":"Roger torce por perman\u00eancia de Carille, mas diz que chance pode ser \u00fanica","link":"https:\/\/www.futebolinterior.com.br\/roger-torce-por-permanencia-de-carille-mas-diz-que-chance-pode-ser-unica\/","chapeu":"NA TORCIDA","data":"21\/05\/2018","imagem":"https:\/\/images.futebolinterior.com.br\/2021\/04\/0002050315110_img-300x168.jpg","resumo":"A poss\u00edvel sa\u00edda do treinador pode ser prejudicial para a equipe, na vis\u00e3o do atacante, que n\u00e3o poder\u00e1 atuar na quinta-feira"}}