{"395643":{"titulo":"Paran\u00e1 tenta tirar campe\u00e3o paulista pelo Palmeiras de clube da S\u00e9rie B","link":"https:\/\/www.futebolinterior.com.br\/parana-tenta-tirar-campeao-paulista-pelo-palmeiras-de-clube-da-serie-b\/","chapeu":"TENTADOR!","data":"21\/05\/2018","imagem":"https:\/\/images.futebolinterior.com.br\/2021\/04\/0002050315111_img-300x225.jpg","resumo":"Kleber Gladiador, afastado no Coritiba, interessa ao Tricolor, que esbarra no tempo de contrato"},"395671":{"titulo":"Futebol Interior TV discute a rodada de futebol pelo Brasil. VEJA aqui !","link":"https:\/\/www.futebolinterior.com.br\/futebol-interior-tv-discute-a-rodada-de-futebol-pelo-brasil-veja-aqui\/","chapeu":"TV AO VIVO","data":"21\/05\/2018","imagem":"https:\/\/images.futebolinterior.com.br\/2021\/04\/0002050315201_img-300x144.jpg","resumo":"A partir das 19 horas no Canal 8 da Net. E tamb\u00e9m pode ser acompanhado nas Redes Sociais !"},"395691":{"titulo":"Carneiro participa de jogo-treino no S\u00e3o Paulo, mas segue sem data para estrear","link":"https:\/\/www.futebolinterior.com.br\/carneiro-participa-de-jogo-treino-no-sao-paulo-mas-segue-sem-data-para-estrear\/","chapeu":"COM CALMA","data":"21\/05\/2018","imagem":"https:\/\/images.futebolinterior.com.br\/2021\/04\/0002050315086_img-300x200.jpg","resumo":"Apesar do avan\u00e7o na recupera\u00e7\u00e3o, ainda n\u00e3o h\u00e1 data prevista para a estreia do jogador com a camisa tricolor"},"395714":{"titulo":"Renato admite m\u00e1 fase do Santos e lamenta derrota no cl\u00e1ssico: 'A equipe sente'","link":"https:\/\/www.futebolinterior.com.br\/renato-admite-ma-fase-do-santos-e-lamenta-derrota-no-classico-a-equipe-sente\/","chapeu":"PARA MELHORAR","data":"21\/05\/2018","imagem":"https:\/\/images.futebolinterior.com.br\/2021\/04\/0002050315078_img-300x200.jpg","resumo":"Nas \u00faltimas seis partidas, o Santos venceu somente duas, contra os fr\u00e1geis Luverdense e Paran\u00e1"},"395795":{"titulo":"Valentim nega postura defensiva e admite que Botafogo precisa melhorar fora","link":"https:\/\/www.futebolinterior.com.br\/valentim-nega-postura-defensiva-e-admite-que-botafogo-precisa-melhorar-fora\/","chapeu":"NADA DISSO","data":"21\/05\/2018","imagem":"https:\/\/images.futebolinterior.com.br\/2021\/04\/0002050315023_img-300x201.jpg","resumo":"A derrota do Botafogo para o Am\u00e9rica Mineiro por 1 a 0, domingo, no Independ\u00eancia, exp\u00f4s a dificuldade do time para somar pontos como visitante no Campeonato Brasileiro"},"395788":{"titulo":"Aguirre contesta cr\u00edticas a mudan\u00e7as no S\u00e3o Paulo e diz ter 'd\u00favidas boas'","link":"https:\/\/www.futebolinterior.com.br\/aguirre-contesta-criticas-a-mudancas-no-sao-paulo-e-diz-ter-duvidas-boas\/","chapeu":"CALMA","data":"21\/05\/2018","imagem":"https:\/\/images.futebolinterior.com.br\/2021\/04\/0002050315022_img-300x186.jpg","resumo":"O t\u00e9cnico Diego Aguirre diz ter \"d\u00favidas boas\" em rela\u00e7\u00e3o a uma forma\u00e7\u00e3o ideal para o S\u00e3o Paulo"},"395803":{"titulo":"Renato lamenta atua\u00e7\u00e3o ofensiva e v\u00ea rivais jogarem 'Copa do Mundo' contra Gr\u00eamio","link":"https:\/\/www.futebolinterior.com.br\/renato-lamenta-atuacao-ofensiva-e-ve-rivais-jogarem-copa-do-mundo-contra-gremio\/","chapeu":"TRISTE","data":"21\/05\/2018","imagem":"https:\/\/images.futebolinterior.com.br\/2021\/04\/0002050315012_img-300x200.jpg","resumo":"O t\u00e9cnico Renato Ga\u00facho n\u00e3o escondeu o seu descontentamento com o fato de que esperava uma vit\u00f3ria do Gr\u00eamio sobre o lanterna Paran\u00e1 no jogo que terminou empatado por 0 a 0"},"395811":{"titulo":"Abel exalta 'humildade e intelig\u00eancia' do Fluminense para vencer o Atl\u00e9tico-PR","link":"https:\/\/www.futebolinterior.com.br\/abel-exalta-humildade-e-inteligencia-do-fluminense-para-vencer-o-atletico-pr\/","chapeu":"FELIZ","data":"21\/05\/2018","imagem":"https:\/\/images.futebolinterior.com.br\/2021\/04\/0002050315011_img-300x182.jpg","resumo":"O t\u00e9cnico Abel Braga avaliou que o Fluminense teve \"humildade e intelig\u00eancia\" para superar o Atl\u00e9tico Paranaense por 2 a 0, domingo, no Maracan\u00e3, pela sexta rodada do Campeonato"},"395799":{"titulo":"Precisando reagir, Cear\u00e1 confirma acerto com ex-t\u00e9cnico do Vasco","link":"https:\/\/www.futebolinterior.com.br\/precisando-reagir-ceara-confirma-acerto-com-ex-tecnico-do-vasco\/","chapeu":"CHEGOU","data":"21\/05\/2018","imagem":"https:\/\/images.futebolinterior.com.br\/2021\/04\/0002050315008_img-300x177.jpg","resumo":"Menos de 24 horas depois da sa\u00edda de Marcelo Chamusca, a diretoria do Cear\u00e1 j\u00e1 confirmou o acerto com o t\u00e9cnico Jorginho, ex-Vasco"},"395807":{"titulo":"Internacional tenta encerrar jejum de gols para bater a Chapecoense","link":"https:\/\/www.futebolinterior.com.br\/internacional-tenta-encerrar-jejum-de-gols-para-bater-a-chapecoense\/","chapeu":"ODDSSHARK","data":"21\/05\/2018","imagem":"https:\/\/images.futebolinterior.com.br\/2021\/04\/0002050315007_img-300x200.jpg","resumo":"Colorado n\u00e3o balan\u00e7ou as redes nos \u00faltimos cinco jogos"}}