{"395518":{"titulo":"Cear\u00e1 apresenta Samuel Xavier e confirma rescis\u00e3o com lateral esquerdo","link":"https:\/\/www.futebolinterior.com.br\/ceara-apresenta-samuel-xavier-e-confirma-rescisao-com-lateral-esquerdo\/","chapeu":"MUDAN\u00c7AS","data":"22\/05\/2018","imagem":"https:\/\/images.futebolinterior.com.br\/2021\/04\/0002050315248_img-300x200.jpg","resumo":"O Cear\u00e1 teve uma manh\u00e3 de ter\u00e7a-feira agitada em Fortaleza"},"395532":{"titulo":"Carille se desculpa com imprensa e admite exagero ao falar de 'poss\u00edvel proposta'","link":"https:\/\/www.futebolinterior.com.br\/carille-se-desculpa-com-imprensa-e-admite-exagero-ao-falar-de-possivel-proposta\/","chapeu":"FOI MAL!","data":"22\/05\/2018","imagem":"https:\/\/images.futebolinterior.com.br\/2021\/04\/0002050315244_img-300x200.jpg","resumo":"\"Uma parte errou, sim, nesta \u00faltima semana. N\u00e3o foi a maioria, por\u00e9m. Ent\u00e3o, exagerei ao generalizar em meu coment\u00e1rio\", afirmou"},"395562":{"titulo":"Jair Ventura divide opini\u00f5es no Santos e dirigentes cogitam Abel e Z\u00e9 Ricardo","link":"https:\/\/www.futebolinterior.com.br\/jair-ventura-divide-opinioes-no-santos-e-dirigentes-cogitam-abel-e-ze-ricardo\/","chapeu":"POSSIBILIDADES","data":"22\/05\/2018","imagem":"https:\/\/images.futebolinterior.com.br\/2021\/04\/0002050315222_img-300x201.jpg","resumo":"Presidente Peres banca a perman\u00eancia do atual treinador, mas pr\u00f3ximos jogos podem mudar o cen\u00e1rio se n\u00e3o houver uma rea\u00e7\u00e3o"},"395558":{"titulo":"Suspenso, Anderson Martins ainda sofre para ter sequ\u00eancia no S\u00e3o Paulo","link":"https:\/\/www.futebolinterior.com.br\/suspenso-anderson-martins-ainda-sofre-para-ter-sequencia-no-sao-paulo\/","chapeu":"T\u00c1 COMPLICADO","data":"22\/05\/2018","imagem":"https:\/\/images.futebolinterior.com.br\/2021\/04\/0002050315221_img-300x193.jpg","resumo":"Ap\u00f3s superar uma sequ\u00eancia de les\u00f5es que o impediu de ir a campo em boa parte dos jogos do S\u00e3o Paulo na temporada at\u00e9 aqui, o zagueiro Anderson Martins ter\u00e1 de cumprir suspens\u00e3o "},"395571":{"titulo":"Odair Hellmann celebra vit\u00f3ria do Internacional sobre Chapecoense ap\u00f3s 'semana dif\u00edcil'","link":"https:\/\/www.futebolinterior.com.br\/odair-hellmann-celebra-vitoria-do-internacional-sobre-chapecoense-apos-semana-dificil\/","chapeu":"FALA, PROFESSOR","data":"22\/05\/2018","imagem":"https:\/\/images.futebolinterior.com.br\/2021\/04\/0002050315215_img-300x172.jpg","resumo":"Com a vit\u00f3ria, o time colorado chegou aos oito pontos e saltou para o d\u00e9cimo lugar na classifica\u00e7\u00e3o do Brasileir\u00e3o"},"395577":{"titulo":"Borja supera m\u00e9dia de gols de Gabriel Jesus no Palmeiras e sonha alto na Copa","link":"https:\/\/www.futebolinterior.com.br\/borja-supera-media-de-gols-de-gabriel-jesus-no-palmeiras-e-sonha-alto-na-copa\/","chapeu":"QUEM DIRIA","data":"22\/05\/2018","imagem":"https:\/\/images.futebolinterior.com.br\/2021\/04\/0002050315209_img-300x180.jpg","resumo":"O atacante Miguel Borja se apresentou nesta segunda-feira cheio de orgulho e confian\u00e7a \u00e0 sele\u00e7\u00e3o colombiana para iniciar a prepara\u00e7\u00e3o para a Copa do Mundo"},"395586":{"titulo":"Sem jogar h\u00e1 mais de dois meses, Kazim aguarda propostas para deixar Corinthians","link":"https:\/\/www.futebolinterior.com.br\/sem-jogar-ha-mais-de-dois-meses-kazim-aguarda-propostas-para-deixar-corinthians\/","chapeu":"SEM SUCESSO ","data":"22\/05\/2018","imagem":"https:\/\/images.futebolinterior.com.br\/2021\/04\/0002050315208_img-300x169.jpg","resumo":"Kazim voltou a ser relacionado para um jogo ap\u00f3s mais de dois meses no \u00faltimo domingo, no empate por 1 a 1 com o Sport, em S\u00e3o Louren\u00e7o da Mata"},"395588":{"titulo":"Conselho do Palmeiras aprova amplia\u00e7\u00e3o do mandato presidencial para 3 anos","link":"https:\/\/www.futebolinterior.com.br\/conselho-do-palmeiras-aprova-ampliacao-do-mandato-presidencial-para-3-anos\/","chapeu":"DEU CERTO","data":"22\/05\/2018","imagem":"https:\/\/images.futebolinterior.com.br\/2021\/04\/0002050315207_img-300x226.jpg","resumo":"O Conselho Deliberativo do Palmeiras votou e definiu, na noite desta segunda-feira, uma mudan\u00e7a no estatuto do clube"},"395600":{"titulo":"S\u00e3o Paulo sofreu, mas enfim ganhou um cl\u00e1ssico na temporada","link":"https:\/\/www.futebolinterior.com.br\/sao-paulo-sofreu-mas-enfim-ganhou-um-classico-na-temporada\/","chapeu":"OPINI\u00c3O","data":"22\/05\/2018","imagem":"https:\/\/images.futebolinterior.com.br\/2021\/04\/0002050315188_img-300x186.jpg","resumo":"A v\u00edtima foi o Santos, dentro do Morumbi, com um gol de cabe\u00e7a de Diego Souza, o camisa nove tricolor"},"395603":{"titulo":"Leila Pereira consegue mudar estatatuto para chegar \u00e0 presid\u00eancia do Palmeiras em 2021","link":"https:\/\/www.futebolinterior.com.br\/leila-pereira-consegue-mudar-estatatuto-para-chegar-a-presidencia-do-palmeiras-em-2021\/","chapeu":"PODEROSA","data":"22\/05\/2018","imagem":"https:\/\/images.futebolinterior.com.br\/2021\/04\/0002050315184_img-258x300.jpg","resumo":"Vale tudo para a patrocinadora do Palmeiras - Crefisa e FAM - chegar ao poder m\u00e1ximo do Palmeiras. Briga de poder..."}}