{"395455":{"titulo":"Os jogos do meio de semana e novas regras da Fifa em destaques no Futebol Interior TV","link":"https:\/\/www.futebolinterior.com.br\/os-jogos-do-meio-de-semana-e-novas-regras-da-fifa-em-destaques-no-futebol-interior-tv\/","chapeu":"AO VIVO","data":"22\/05\/2018","imagem":"https:\/\/images.futebolinterior.com.br\/2021\/04\/0002050315311_img-297x300.png","resumo":"Radialista Carlos Corsato e o ex-\u00e1rbitro Fl\u00e1vio Guerra v\u00e3o analisar os dois temas principais nesta noite"},"395465":{"titulo":"Depois do Al-Hilal, mais um clube \u00e1rabe mostra interesse em Carille","link":"https:\/\/www.futebolinterior.com.br\/depois-do-al-hilal-mais-um-clube-arabe-mostra-interesse-em-carille\/","chapeu":"VISADO","data":"22\/05\/2018","imagem":"https:\/\/images.futebolinterior.com.br\/2021\/04\/0002050315309_img-300x245.jpg","resumo":"O empres\u00e1rio de Carille j\u00e1 est\u00e1 ciente da oferta e passou ao treinador, que aguarda o desfecho da negocia\u00e7\u00e3o com o Al-Hilal"},"395459":{"titulo":"Atl\u00e9tico-MG finalmente acerta renova\u00e7\u00e3o com Luan at\u00e9 2022","link":"https:\/\/www.futebolinterior.com.br\/atletico-mg-finalmente-acerta-renovacao-com-luan-ate-2022\/","chapeu":"FECHADO","data":"22\/05\/2018","imagem":"https:\/\/images.futebolinterior.com.br\/2021\/04\/0002050315310_img-300x158.jpg","resumo":"O atacante est\u00e1 no Galo desde 2013 e disse que seu sonho \u00e9 \"ser campe\u00e3o brasileiro\""},"395457":{"titulo":"S\u00e9rie B: Goi\u00e1s acerta com lateral Ernandes, que estava no Cear\u00e1","link":"https:\/\/www.futebolinterior.com.br\/serie-b-goias-acerta-com-lateral-ernandes-que-estava-no-ceara\/","chapeu":"FECHADO","data":"22\/05\/2018","imagem":"https:\/\/images.futebolinterior.com.br\/2021\/04\/0002050315308_img-300x200.jpg","resumo":"O novo refor\u00e7o esmeraldino defendeu o Atl\u00e9tico-GO entre as temporadas "},"395479":{"titulo":"Internacional anuncia Rodrigo Caetano como diretor executivo de futebol","link":"https:\/\/www.futebolinterior.com.br\/internacional-anuncia-rodrigo-caetano-como-diretor-executivo-de-futebol\/","chapeu":"FECHADO","data":"22\/05\/2018","imagem":"https:\/\/images.futebolinterior.com.br\/2021\/04\/0002050315301_img-300x200.jpg","resumo":"O dirigente estava desempregado desde que deixou o Meng\u00e3o em mar\u00e7o deste ano"},"395489":{"titulo":"Ex-representante de escolinha do Vit\u00f3ria \u00e9 acusado de abusar de crian\u00e7as em Pernambuco","link":"https:\/\/www.futebolinterior.com.br\/ex-representante-de-escolinha-do-vitoria-e-acusado-de-abusar-de-criancas-em-pernambuco\/","chapeu":"TRISTE","data":"22\/05\/2018","imagem":"https:\/\/images.futebolinterior.com.br\/2021\/04\/0002050315297_img-300x221.jpg","resumo":"Jos\u00e9 Roberto Henrique da Silva foi preso nesta ter\u00e7a-feira acusado de abusar sexualmente de duas crian\u00e7as, uma de 14 e outra de 15 anos"},"395505":{"titulo":"S\u00e9rie C: Joinville negocia venda do volante Eduardo Person ao Atl\u00e9tico-PR","link":"https:\/\/www.futebolinterior.com.br\/serie-c-joinville-negocia-venda-do-volante-eduardo-person-ao-atletico-pr\/","chapeu":"PAGOU, LEVOU","data":"22\/05\/2018","imagem":"https:\/\/images.futebolinterior.com.br\/2021\/04\/0002050315271_img-300x200.jpg","resumo":"Em crise financeira, clube estuda os termos da negocia\u00e7\u00e3o para liberar o jovem de 21 anos"},"395499":{"titulo":"D\u00ednamo de Kiev se acerta com o Palmeiras e contrata volante Tch\u00ea Tch\u00ea","link":"https:\/\/www.futebolinterior.com.br\/dinamo-de-kiev-se-acerta-com-o-palmeiras-e-contrata-volante-tche-tche\/","chapeu":"FOI EMBORA","data":"22\/05\/2018","imagem":"https:\/\/images.futebolinterior.com.br\/2021\/04\/0002050315267_img-300x183.jpg","resumo":"Sem espa\u00e7o no time de Roger Machado, o Palmeiras acertou nesta ter\u00e7a-feira a transfer\u00eancia de Tch\u00ea Tch\u00ea para o D\u00ednamo de Kiev, da Ucr\u00e2nia"},"395503":{"titulo":"Torcedores do Bahia invadem CT e cobram jogadores na reapresenta\u00e7\u00e3o","link":"https:\/\/www.futebolinterior.com.br\/torcedores-do-bahia-invadem-ct-e-cobram-jogadores-na-reapresentacao\/","chapeu":"CRISE","data":"22\/05\/2018","imagem":"https:\/\/images.futebolinterior.com.br\/2021\/04\/0002050315261_img-300x189.jpg","resumo":"O Tricolor est\u00e1 na zona de rebaixamento do Campeonato Brasileiro e tem uma partida decisiva pela Sul-Americana nesta quarta"},"395516":{"titulo":"Com S\u00e9rie A, B e C e Libertadores, R\u00e1dio FI divulga escala de transmiss\u00f5es","link":"https:\/\/www.futebolinterior.com.br\/com-serie-a-b-e-c-e-libertadores-radio-fi-divulga-escala-de-transmissoes\/","chapeu":"SHOW DE BOLA!","data":"22\/05\/2018","imagem":"https:\/\/images.futebolinterior.com.br\/2021\/04\/0002050315249_img-300x169.jpg","resumo":"Com abertura nesta ter\u00e7a-feira com S\u00e9rie B e Libertadores, transmiss\u00f5es da r\u00e1dio v\u00e3o a pr\u00f3xima semana"}}