{"395405":{"titulo":"Acordo por Roger permite que Internacional utilize Roger contra o Corinthians","link":"https:\/\/www.futebolinterior.com.br\/acordo-por-roger-permite-que-internacional-utilize-roger-contra-o-corinthians\/","chapeu":"BOA NOT\u00cdCIA","data":"22\/05\/2018","imagem":"https:\/\/images.futebolinterior.com.br\/2021\/04\/0002050315356_img-300x200.jpg","resumo":"No ano passado, defendendo a Ponte Preta, o jogador enfrentou o Tim\u00e3o cinco vezes e marcou dois gols"},"395413":{"titulo":"Exames descartam necessidade de cirurgia no joelho do volante santista Alison","link":"https:\/\/www.futebolinterior.com.br\/exames-descartam-necessidade-de-cirurgia-no-joelho-do-volante-santista-alison\/","chapeu":"UFA","data":"22\/05\/2018","imagem":"https:\/\/images.futebolinterior.com.br\/2021\/04\/0002050315341_img-300x200.jpg","resumo":"Agora, por mais que n\u00e3o tenha nenhuma les\u00e3o mais grave, o jogador ser\u00e1 desfalque por tempo indeterminado"},"395429":{"titulo":"Luan, atacante do Gr\u00eamio, minimiza aus\u00eancia na Sele\u00e7\u00e3o Brasileira","link":"https:\/\/www.futebolinterior.com.br\/luan-atacante-do-gremio-minimiza-ausencia-na-selecao-brasileira\/","chapeu":"SEM STRESS","data":"22\/05\/2018","imagem":"https:\/\/images.futebolinterior.com.br\/2021\/04\/0002050315333_img-300x200.jpg","resumo":"O camisa 7 tamb\u00e9m acredita que fez a escolha certa em permanecer no Tricolor apesar de ter recebido propostas de fora"},"395419":{"titulo":"STJ imp\u00f5e ao S\u00e3o Paulo indeniza\u00e7\u00e3o milion\u00e1ria a investidores por Ricardinho","link":"https:\/\/www.futebolinterior.com.br\/stj-impoe-ao-sao-paulo-indenizacao-milionaria-a-investidores-por-ricardinho\/","chapeu":"16 ANOS DEPOIS","data":"22\/05\/2018","imagem":"https:\/\/images.futebolinterior.com.br\/2021\/04\/0002050315337_img-300x210.jpg","resumo":"A Corte entendeu que o clube deve indenizar em R$ 3,1 milh\u00f5es, valor que, atualizado, pode chegar a aproximadamente R$ 20 milh\u00f5es"},"395417":{"titulo":"Campanha de tr\u00e2nsito? Goleiro da S\u00e9rie A deve ser \u2018multado\u2019 por uso de celular no campo","link":"https:\/\/www.futebolinterior.com.br\/campanha-de-transito-goleiro-da-serie-a-deve-ser-multado-por-uso-de-celular-no-campo\/","chapeu":"QUE FASE!","data":"22\/05\/2018","imagem":"https:\/\/images.futebolinterior.com.br\/2021\/04\/0002050315335_img-300x208.jpg","resumo":"STJD considerou como infra\u00e7\u00e3o a atitude de Santos, que pode ser suspenso por at\u00e9 seis jogos"},"395433":{"titulo":"Ap\u00f3s folga, l\u00edder Atl\u00e9tico-MG volta aos treinos de olho no vice-l\u00edder Flamengo","link":"https:\/\/www.futebolinterior.com.br\/apos-folga-lider-atletico-mg-volta-aos-treinos-de-olho-no-vice-lider-flamengo\/","chapeu":"COM TUDO","data":"22\/05\/2018","imagem":"https:\/\/images.futebolinterior.com.br\/2021\/04\/0002050315332_img-300x246.jpg","resumo":"O t\u00e9cnico Thiago Larghi s\u00f3 contou no gramado com os jogadores que atuaram os 90 minutos no cl\u00e1ssico"},"395439":{"titulo":"Vin\u00edcius J\u00fanior minimiza poss\u00edvel despedida da Libertadores e garante foco no Fla","link":"https:\/\/www.futebolinterior.com.br\/vinicius-junior-minimiza-possivel-despedida-da-libertadores-e-garante-foco-no-fla\/","chapeu":"REFOR\u00c7O DO REAL","data":"22\/05\/2018","imagem":"https:\/\/images.futebolinterior.com.br\/2021\/04\/0002050315326_img-300x180.jpg","resumo":"O atacante entra em campo nesta quarta-feira, contra o River Plate, no Monumental de N\u00fa\u00f1ez"},"395437":{"titulo":"Mano e Valentim s\u00e3o absolvidos pelo STJD ap\u00f3s confus\u00e3o no Mineir\u00e3o","link":"https:\/\/www.futebolinterior.com.br\/mano-e-valentim-sao-absolvidos-pelo-stjd-apos-confusao-no-mineirao\/","chapeu":"UFA!","data":"22\/05\/2018","imagem":"https:\/\/images.futebolinterior.com.br\/2021\/04\/0002050315325_img-300x148.jpg","resumo":"Os treinadores trocaram cr\u00edticas ao longo da partida disputada no dia 6 de maio, no Mineir\u00e3o, pela sexta rodada do Brasileir\u00e3o"},"395447":{"titulo":"Copa do Brasil: Willian rejeita r\u00f3tulo de reserva no Palmeiras: 'Eu me sinto titular'","link":"https:\/\/www.futebolinterior.com.br\/copa-do-brasil-willian-rejeita-rotulo-de-reserva-no-palmeiras-eu-me-sinto-titular\/","chapeu":"TEM MORAL","data":"22\/05\/2018","imagem":"https:\/\/images.futebolinterior.com.br\/2021\/04\/0002050315323_img-300x176.jpg","resumo":"O colombiano Borja se apresentou \u00e0 sele\u00e7\u00e3o do seu pa\u00eds para se preparar para a Copa do Mundo e ser\u00e1 desfalque "},"395452":{"titulo":"Ap\u00f3s cirurgia, Rodrigo Caio come\u00e7a tratamento no Reffis do S\u00e3o Paulo","link":"https:\/\/www.futebolinterior.com.br\/apos-cirurgia-rodrigo-caio-comeca-tratamento-no-reffis-do-sao-paulo\/","chapeu":"T\u00c1 BEM?","data":"22\/05\/2018","imagem":"https:\/\/images.futebolinterior.com.br\/2021\/04\/0002050315320_img-300x193.jpg","resumo":"Zagueiro passou por um procedimento para corre\u00e7\u00e3o de instabilidade ligamentar no p\u00e9 esquerdo na \u00faltima sexta"}}