{"395312":{"titulo":"Santos muda e leva \u00faltimo jogo como mandante antes da Copa para o Pacaembu","link":"https:\/\/www.futebolinterior.com.br\/santos-muda-e-leva-ultimo-jogo-como-mandante-antes-da-copa-para-o-pacaembu\/","chapeu":"IMPORTANTE!","data":"23\/05\/2018","imagem":"https:\/\/images.futebolinterior.com.br\/2021\/04\/0002050315443_img-300x200.jpg","resumo":"Duelo com o Internacional ser\u00e1 v\u00e1lido pela 11\u00aa rodada do Campeonato Brasileiro e disputado em 10 de junho"},"395316":{"titulo":"De olho em revela\u00e7\u00e3o do Paulist\u00e3o, Barcelona quer antecipar chegada de joia do Gr\u00eamio","link":"https:\/\/www.futebolinterior.com.br\/de-olho-em-revelacao-do-paulistao-barcelona-quer-antecipar-chegada-de-joia-do-gremio\/","chapeu":"PARTIU ESPANHA?","data":"23\/05\/2018","imagem":"https:\/\/images.futebolinterior.com.br\/2021\/04\/0002050315441_img-300x168.jpg","resumo":"Equipe catal\u00e3, que dever\u00e1 abrir negocia\u00e7\u00f5es com o Santos por Rodrygo, j\u00e1 tem acordo com o Tricolor Ga\u00facho para ter o volante Arthur "},"395336":{"titulo":"Carille queria ficar no Corinthians at\u00e9 pausa para Copa, mas Andr\u00e9s recusou","link":"https:\/\/www.futebolinterior.com.br\/carille-queria-ficar-no-corinthians-ate-pausa-para-copa-mas-andres-recusou\/","chapeu":"NADA DISSO","data":"23\/05\/2018","imagem":"https:\/\/images.futebolinterior.com.br\/2021\/04\/0002050315432_img-300x200.jpg","resumo":"A sa\u00edda do t\u00e9cnico F\u00e1bio Carille poderia acontecer s\u00f3 ap\u00f3s a paralisa\u00e7\u00e3o dos campeonatos para a Copa do Mundo, mas o presidente do Corinthians, Andr\u00e9s Sanchez, recusou a ideia"},"395338":{"titulo":"\u00daltimo invicto do Brasileiro, S\u00e3o Paulo tenta superar marca de 2004","link":"https:\/\/www.futebolinterior.com.br\/ultimo-invicto-do-brasileiro-sao-paulo-tenta-superar-marca-de-2004\/","chapeu":"AI SIM","data":"23\/05\/2018","imagem":"https:\/\/images.futebolinterior.com.br\/2021\/04\/0002050315429_img-300x188.jpg","resumo":"\u00danico time que ainda n\u00e3o perdeu no Campeonato Brasileiro, o S\u00e3o Paulo tenta superar a sequ\u00eancia de seis jogos do Nacional de 2004"},"395344":{"titulo":"Gr\u00eamio recebe Defensor para garantir lideran\u00e7a no Grupo A na Libertadores","link":"https:\/\/www.futebolinterior.com.br\/gremio-recebe-defensor-para-garantir-lideranca-no-grupo-a-na-libertadores\/","chapeu":"JOG\u00c3O","data":"23\/05\/2018","imagem":"https:\/\/images.futebolinterior.com.br\/2021\/04\/0002050315427_img-300x200.jpg","resumo":"O Gr\u00eamio recebe o Defensor, do Uruguai, nesta quarta-feira, \u00e0s 19h15, na Arena Gr\u00eamio, em Porto Alegre"},"395371":{"titulo":"Osmar Loss \u00e9 o substituto de Fabio Carille no Corinthians","link":"https:\/\/www.futebolinterior.com.br\/osmar-loss-e-o-substituto-de-fabio-carille-no-corinthians\/","chapeu":"CONHE\u00c7A ELE!","data":"22\/05\/2018","imagem":"https:\/\/images.futebolinterior.com.br\/2021\/04\/0002050315370_img-300x201.jpg","resumo":"O profissional foi eleito o melhor auxiliar do pa\u00eds no ano passado ap\u00f3s a conquista do Brasileir\u00e3o"},"395373":{"titulo":"Ap\u00f3s foto pol\u00eamica, Vasco manda quatro jogadores de volta ao Brasil","link":"https:\/\/www.futebolinterior.com.br\/apos-foto-polemica-vasco-manda-quatro-jogadores-de-volta-ao-brasil\/","chapeu":"TCHAU!","data":"22\/05\/2018","imagem":"https:\/\/images.futebolinterior.com.br\/2021\/04\/0002050315368_img-201x300.jpg","resumo":"Evander, Wellington, Gabriel F\u00e9lix e Paul\u00e3o foram vetados do jogo da Libertadores"},"395390":{"titulo":"Fabio Carille aceita proposta de clube \u00e1rabe e n\u00e3o \u00e9 mais o treinador do Corinthians","link":"https:\/\/www.futebolinterior.com.br\/fabio-carille-aceita-proposta-de-clube-arabe-e-nao-e-mais-o-treinador-do-corinthians\/","chapeu":"BOMBA!","data":"22\/05\/2018","imagem":"https:\/\/images.futebolinterior.com.br\/2021\/04\/0002050315349_img-300x200.jpg","resumo":"O presidente Andr\u00e9s Sanchez, inclusive, j\u00e1 teria sido comunicado da decis\u00e3o do comandante"},"395394":{"titulo":"Ap\u00f3s um dia de folga, Fluminense inicia prepara\u00e7\u00e3o para pegar a Chapecoense","link":"https:\/\/www.futebolinterior.com.br\/apos-um-dia-de-folga-fluminense-inicia-preparacao-para-pegar-a-chapecoense\/","chapeu":"VAI QUE VAI!","data":"22\/05\/2018","imagem":"https:\/\/images.futebolinterior.com.br\/2021\/04\/0002050315359_img-300x162.jpg","resumo":"A equipe tricolor vem em alta, ap\u00f3s a vit\u00f3ria por 2 a 0 sobre o Atl\u00e9tico-PR, no domingo"},"395392":{"titulo":"Recuperados, Marcelo e Ezequiel voltam a treinar no Botafogo","link":"https:\/\/www.futebolinterior.com.br\/recuperados-marcelo-e-ezequiel-voltam-a-treinar-no-botafogo\/","chapeu":"ENFIM","data":"22\/05\/2018","imagem":"https:\/\/images.futebolinterior.com.br\/2021\/04\/0002050315358_img-300x225.jpg","resumo":"Ambos se recuperaram de problemas f\u00edsicos e refor\u00e7aram a atividade do time alvinegro nesta ter\u00e7a"}}