{"395195":{"titulo":"Sem espa\u00e7o no Fluminense, Marlon Freitas pode parar no Crici\u00fama","link":"https:\/\/www.futebolinterior.com.br\/sem-espaco-no-fluminense-marlon-freitas-pode-parar-no-criciuma\/","chapeu":"NOVA CASA?","data":"23\/05\/2018","imagem":"https:\/\/images.futebolinterior.com.br\/2021\/04\/0002050315524_img-300x201.jpg","resumo":"O prata da casa n\u00e3o disputa uma partida pelo Tricolor desde o dia 22 de mar\u00e7o"},"395203":{"titulo":"David Braz lamenta oscila\u00e7\u00e3o do Santos e sai em defesa de Jair Ventura","link":"https:\/\/www.futebolinterior.com.br\/david-braz-lamenta-oscilacao-do-santos-e-sai-em-defesa-de-jair-ventura\/","chapeu":"FALA, FERA!","data":"23\/05\/2018","imagem":"https:\/\/images.futebolinterior.com.br\/2021\/04\/0002050315522_img-300x170.jpg","resumo":"Nesta quinta-feira, \u00e0s 19h15, o Santos recebe o Real Garcilaso na Vila Belmiro pela \u00faltima rodada da fase de grupos da Libertadores"},"395211":{"titulo":"Emerson Concei\u00e7\u00e3o e Atl\u00e9tico-MG celebram acordo de R$ 5 milh\u00f5es na justi\u00e7a","link":"https:\/\/www.futebolinterior.com.br\/emerson-conceicao-e-atletico-mg-celebram-acordo-de-r-5-milhoes-na-justica\/","chapeu":"TUDO CERTO","data":"23\/05\/2018","imagem":"https:\/\/images.futebolinterior.com.br\/2021\/04\/0002050315514_img-300x200.jpg","resumo":"Em meio \u00e0 crise esportiva, o Atl\u00e9tico-MG conseguiu um acordo importante longe dos gramados"},"395217":{"titulo":"Sem espa\u00e7o no Internacional, lateral-direito 'polivalente' acerta com o Cear\u00e1","link":"https:\/\/www.futebolinterior.com.br\/sem-espaco-no-internacional-lateral-direito-polivalente-acerta-com-o-ceara\/","chapeu":"CHEGOU","data":"23\/05\/2018","imagem":"https:\/\/images.futebolinterior.com.br\/2021\/04\/0002050315510_img-300x200.jpg","resumo":"Depois de algumas semanas de negocia\u00e7\u00e3o, o Cear\u00e1 finalmente acertou a contrata\u00e7\u00e3o do volante e o lateral direito Fabinho, que vinha sem espa\u00e7o no Internacional"},"395240":{"titulo":"Carille entende tristeza da torcida, mas diz que vai embora em paz do Corinthians","link":"https:\/\/www.futebolinterior.com.br\/carille-entende-tristeza-da-torcida-mas-diz-que-vai-embora-em-paz-do-corinthians\/","chapeu":"PARTIU AR\u00c1BIA!!","data":"23\/05\/2018","imagem":"https:\/\/images.futebolinterior.com.br\/2021\/04\/0002050315493_img-300x169.jpg","resumo":"Treinador concedeu entrevista coletiva para falar de sua transfer\u00eancia para o Al-Wehda, da Ar\u00e1bia Saudita"},"395272":{"titulo":"Patrick v\u00ea jogo contra o Corinthians como chance de afirma\u00e7\u00e3o do Inter","link":"https:\/\/www.futebolinterior.com.br\/patrick-ve-jogo-contra-o-corinthians-como-chance-de-afirmacao-do-inter\/","chapeu":"PARA EMBALAR","data":"23\/05\/2018","imagem":"https:\/\/images.futebolinterior.com.br\/2021\/04\/0002050315491_img-300x200.jpg","resumo":"O jogador colorado acredita que a sa\u00edda de F\u00e1bio Carille n\u00e3o vai interferir no desempenho do Tim\u00e3o"},"395246":{"titulo":"Futebol Interior TV recebe Juninho Paulista no 'Quarta do Craque' e dupla F\u00e1bio e Wesley","link":"https:\/\/www.futebolinterior.com.br\/futebol-interior-tv-recebe-juninho-paulista-no-quarta-do-craque-e-dupla-fabio-e-wesley\/","chapeu":"DIA DE CRAQUE","data":"23\/05\/2018","imagem":"https:\/\/images.futebolinterior.com.br\/2021\/04\/0002050315483_img-300x136.jpg","resumo":"Zenon bate papo com Juninho Paulista e atra\u00e7\u00e3o musical com a dupla sertaneja F\u00e1bio e Wesley"},"395278":{"titulo":"Victor pede concentra\u00e7\u00e3o e regularidade para Atl\u00e9tico-MG sustentar ponta da tabela","link":"https:\/\/www.futebolinterior.com.br\/victor-pede-concentracao-e-regularidade-para-atletico-mg-sustentar-ponta-da-tabela\/","chapeu":"LIDERANDO!","data":"23\/05\/2018","imagem":"https:\/\/images.futebolinterior.com.br\/2021\/04\/0002050315470_img-300x200.jpg","resumo":"\"A partir do momento que voc\u00ea chega \u00e0 lideran\u00e7a, voc\u00ea acaba sendo mais observado, ganha posi\u00e7\u00e3o e destaque\", disse o goleiro"},"395289":{"titulo":"Corinthians pode utilizar jogadores emprestados para comprar Sidcley","link":"https:\/\/www.futebolinterior.com.br\/corinthians-pode-utilizar-jogadores-emprestados-para-comprar-sidcley\/","chapeu":"PARA MANTER","data":"23\/05\/2018","imagem":"https:\/\/images.futebolinterior.com.br\/2021\/04\/0002050315465_img-300x169.jpg","resumo":"Sem espa\u00e7o com F\u00e1bio Carille, o volante Camacho e o meia-atacante Guilherme foram emprestados ao clube paranaense e podem ficar por l\u00e1"},"395295":{"titulo":"Entrosamento e melhora da pontaria s\u00e3o apostas do S\u00e3o Paulo para seguir invicto","link":"https:\/\/www.futebolinterior.com.br\/entrosamento-e-melhora-da-pontaria-sao-apostas-do-sao-paulo-para-seguir-invicto\/","chapeu":"SHOW","data":"23\/05\/2018","imagem":"https:\/\/images.futebolinterior.com.br\/2021\/04\/0002050315462_img-300x193.jpg","resumo":"A principal delas \u00e9 melhorar a pontaria. Se antes os jogadores tinham problemas na cria\u00e7\u00e3o no meio-campo e pelas pontas"}}