{"395127":{"titulo":"Hudson pede aten\u00e7\u00e3o para S\u00e3o Paulo obter a primeira vit\u00f3ria fora de casa","link":"https:\/\/www.futebolinterior.com.br\/hudson-pede-atencao-para-sao-paulo-obter-a-primeira-vitoria-fora-de-casa\/","chapeu":"SEMPRE LIGADO","data":"23\/05\/2018","imagem":"https:\/\/images.futebolinterior.com.br\/2021\/04\/0002050315588_img-300x200.jpg","resumo":"O Tricolor enfrenta o Am\u00e9rica-MG, neste domingo, no Independ\u00eancia, em Belo Horizonte"},"395133":{"titulo":"Desfalque na Copa do Brasil, Dudu est\u00e1 na lista dos 35 de Tite para Copa do Mundo","link":"https:\/\/www.futebolinterior.com.br\/desfalque-na-copa-do-brasil-dudu-esta-na-lista-dos-35-de-tite-para-copa-do-mundo\/","chapeu":"VEJA!","data":"23\/05\/2018","imagem":"https:\/\/images.futebolinterior.com.br\/2021\/04\/0002050315586_img-300x190.jpg","resumo":"Al\u00e9m do camisa 7, os zagueiros Ded\u00e9 e Rodrigo Caio, al\u00e9m do goleiro Neto tiveram seus nomes divulgados"},"395142":{"titulo":"Santos negocia com Bryan Ruiz, meia que vai disputar a Copa do Mundo","link":"https:\/\/www.futebolinterior.com.br\/santos-negocia-com-bryan-ruiz-meia-que-vai-disputar-a-copa-do-mundo\/","chapeu":"NA MIRA!","data":"23\/05\/2018","imagem":"https:\/\/images.futebolinterior.com.br\/2021\/04\/0002050315581_img-300x166.jpg","resumo":"O jogador tem contrato com o Sporting, de Portugal, at\u00e9 junho e j\u00e1 fala em deixar o clube"},"395148":{"titulo":"Ap\u00f3s despedida dos colegas, Mart\u00edn Silva promete torcer pelo Vasco durante a Copa","link":"https:\/\/www.futebolinterior.com.br\/apos-despedida-dos-colegas-martin-silva-promete-torcer-pelo-vasco-durante-a-copa\/","chapeu":"PARTIU, R\u00daSSIA","data":"23\/05\/2018","imagem":"https:\/\/images.futebolinterior.com.br\/2021\/04\/0002050315580_img-300x200.jpg","resumo":"Goleiro vasca\u00edno viajou para se apresentar \u00e0 sele\u00e7\u00e3o uruguaia, que inicia a prepara\u00e7\u00e3o para o mundial"},"395157":{"titulo":"Pentacampe\u00e3o, Juninho Paulista faz alerta sobre o Brasil na Copa na Quarta do Craque","link":"https:\/\/www.futebolinterior.com.br\/pentacampeao-juninho-paulista-faz-alerta-sobre-o-brasil-na-copa-na-quarta-do-craque\/","chapeu":"PENTA NO FI","data":"23\/05\/2018","imagem":"https:\/\/images.futebolinterior.com.br\/2021\/04\/0002050315570_img-300x150.jpg","resumo":"Futebol Interior TV bateu bola com pentacampe\u00e3o e teve participa\u00e7\u00e3o especial da dupla F\u00e1bio e Wesley"},"395159":{"titulo":"Yago admite que deve substituir Carli e se diz pronto para estrear no Botafogo","link":"https:\/\/www.futebolinterior.com.br\/yago-admite-que-deve-substituir-carli-e-se-diz-pronto-para-estrear-no-botafogo\/","chapeu":"PREPARADO!","data":"23\/05\/2018","imagem":"https:\/\/images.futebolinterior.com.br\/2021\/04\/0002050315567_img-300x225.jpg","resumo":"o zagueiro Yago finalmente dever\u00e1 estrear neste fim de semana. Ele mesmo indicou que dever\u00e1 ser o substituto do suspenso Joel Carli diante do Vit\u00f3ria"},"395161":{"titulo":"Presidente do Santos tranquiliza Jair Ventura e bate martelo sobre Rodrygo","link":"https:\/\/www.futebolinterior.com.br\/presidente-do-santos-tranquiliza-jair-ventura-e-bate-martelo-sobre-rodrygo\/","chapeu":"VAI FICAR!","data":"23\/05\/2018","imagem":0,"resumo":"O Peixe tem oscilado bastante na atual temporada e n\u00e3o vem conseguindo somar pontos especialmente fora de casa"},"395165":{"titulo":"D'Alessandro \u00e9 suspenso por mais dois jogos por confus\u00e3o em Gre-Nal","link":"https:\/\/www.futebolinterior.com.br\/dalessandro-e-suspenso-por-mais-dois-jogos-por-confusao-em-gre-nal\/","chapeu":"QUE FASE!","data":"23\/05\/2018","imagem":"https:\/\/images.futebolinterior.com.br\/2021\/04\/0002050315561_img-300x201.jpg","resumo":"O argentino recebeu dois jogos de gancho, por ato desleal, por decis\u00e3o un\u00e2nime dos auditores do tribunal"},"395169":{"titulo":"Vald\u00edvia retorna e Aguirre d\u00e1 pista de time em treino do S\u00e3o Paulo","link":"https:\/\/www.futebolinterior.com.br\/valdivia-retorna-e-aguirre-da-pista-de-time-em-treino-do-sao-paulo\/","chapeu":"QUEM JOGA?","data":"23\/05\/2018","imagem":"https:\/\/images.futebolinterior.com.br\/2021\/04\/0002050315559_img-300x193.jpg","resumo":"Ele tinha sido liberado para resolver quest\u00f5es familiares em Jaciara, no Mato Grosso. "},"395173":{"titulo":"Marlon minimiza tabu e aposta em boa fase do Fluminense para bater a Chapecoense","link":"https:\/\/www.futebolinterior.com.br\/marlon-minimiza-tabu-e-aposta-em-boa-fase-do-fluminense-para-bater-a-chapecoense\/","chapeu":"ESQUECE ISSO!","data":"23\/05\/2018","imagem":"https:\/\/images.futebolinterior.com.br\/2021\/04\/0002050315558_img-300x200.jpg","resumo":"Embalado pela vit\u00f3ria do \u00faltimo fim de semana sobre o Atl\u00e9tico-PR, o Fluminense volta a campo neste s\u00e1bado para encarar a Chapecoense, em casa, pelo Campeonato Brasileiro"}}