{"394979":{"titulo":"Artilheiro do Allianz Parque, Rafael Marques mostra confian\u00e7a no Sport","link":"https:\/\/www.futebolinterior.com.br\/artilheiro-do-allianz-parque-rafael-marques-mostra-confianca-no-sport\/","chapeu":"FELIZ","data":"24\/05\/2018","imagem":"https:\/\/images.futebolinterior.com.br\/2021\/04\/0002050315741_img-300x206.jpg","resumo":"Rafael Marques tem boas lembran\u00e7as do Allianz Parque"},"395005":{"titulo":"Sornoza v\u00ea Fluminense mais brigador e promete luta pelas primeiras posi\u00e7\u00f5es","link":"https:\/\/www.futebolinterior.com.br\/sornoza-ve-fluminense-mais-brigador-e-promete-luta-pelas-primeiras-posicoes\/","chapeu":"SEM MIS\u00c9RIA!","data":"24\/05\/2018","imagem":"https:\/\/images.futebolinterior.com.br\/2021\/04\/0002050315732_img-300x238.jpg","resumo":"\"A gente tem em mente brigar por uma vaga l\u00e1 em cima, \u00e9 o objetivo\", destacou o jogador"},"395001":{"titulo":"Com jogos da S\u00e9rie A e B, confira as dicas para o Concurso 801 da Loteca CAIXA","link":"https:\/\/www.futebolinterior.com.br\/com-jogos-da-serie-a-e-b-confira-as-dicas-para-o-concurso-801-da-loteca-caixa\/","chapeu":"CONFIRA AQUI!","data":"24\/05\/2018","imagem":"https:\/\/images.futebolinterior.com.br\/2021\/04\/0002050315728_img-300x200.jpg","resumo":"O Futebol Interior, o maior portal do futebol brasileiro, acompanha semanalmente os concursos da Loteca e tamb\u00e9m da Lotogol"},"395322":{"titulo":"Voc\u00ea conhece esses times?","link":"https:\/\/www.futebolinterior.com.br\/voce-conhece-esses-times\/","chapeu":"SE LIGA","data":"24\/05\/2018","imagem":"https:\/\/images.futebolinterior.com.br\/2021\/04\/0002050315436_img-300x158.jpg","resumo":"O Portal FI lan\u00e7a o desafio, olhe bem as camisas e escudos dos clubes e tente descobrir quais s\u00e3o os times, que usariam esses belos uniformes"},"395019":{"titulo":"Greve dos caminhoneiros pode adiar a rodada nas quatro divis\u00f5es do Brasileiro","link":"https:\/\/www.futebolinterior.com.br\/greve-dos-caminhoneiros-pode-adiar-a-rodada-nas-quatro-divisoes-do-brasileiro\/","chapeu":"INCERTO","data":"24\/05\/2018","imagem":"https:\/\/images.futebolinterior.com.br\/2021\/04\/0002050315713_img-300x200.jpg","resumo":"A princ\u00edpio, as rodadas est\u00e3o confirmadas para acontecer, mas a CBF est\u00e1 monitorando a situa\u00e7\u00e3o junto aos clubes e \u00e0s companhias a\u00e9reas"},"395086":{"titulo":"Diego Aguirre imp\u00f5e estilo no S\u00e3o Paulo e renova \u00e2nimos nesta temporada","link":"https:\/\/www.futebolinterior.com.br\/diego-aguirre-impoe-estilo-no-sao-paulo-e-renova-animos-nesta-temporada\/","chapeu":"TRANQUILO","data":"24\/05\/2018","imagem":"https:\/\/images.futebolinterior.com.br\/2021\/04\/0002050315676_img-300x186.jpg","resumo":"\u00danico invicto do Campeonato Brasileiro depois de seis rodadas e sem perder h\u00e1 nove jogos, o S\u00e3o Paulo vive o seu melhor momento na temporada"},"395105":{"titulo":"PLACAR FI: Confira TODOS os resultados desta QUARTA-FEIRA","link":"https:\/\/www.futebolinterior.com.br\/placar-fi-confira-todos-os-resultados-desta-quarta-feira-4\/","chapeu":"VEM VER!","data":"24\/05\/2018","imagem":"https:\/\/images.futebolinterior.com.br\/2021\/04\/0002050315614_img-300x199.jpg","resumo":"Com Copa do Brasil, Copa do Nordeste, Libertadores e Sul-Americana, o meio da semana foi agitado"},"395121":{"titulo":"Fluminense faz sondagem em meia Camilo, 'esquecido' do Internacional","link":"https:\/\/www.futebolinterior.com.br\/fluminense-faz-sondagem-em-meia-camilo-esquecido-do-internacional\/","chapeu":"DE OLHO!","data":"23\/05\/2018","imagem":"https:\/\/images.futebolinterior.com.br\/2021\/04\/0002050315593_img-300x146.png","resumo":"O jogador tem contrato com o Colorado at\u00e9 2019 e pode chegar por empr\u00e9stimo"},"395138":{"titulo":"Cruzeiro muda de foco e Sass\u00e1 admite meta de ser artilheiro do Brasileiro","link":"https:\/\/www.futebolinterior.com.br\/cruzeiro-muda-de-foco-e-sassa-admite-meta-de-ser-artilheiro-do-brasileiro\/","chapeu":"VAI BUSCAR!","data":"23\/05\/2018","imagem":"https:\/\/images.futebolinterior.com.br\/2021\/04\/0002050315590_img-300x200.jpg","resumo":"Para buscar esta meta, o atacante n\u00e3o contar\u00e1 nas pr\u00f3ximas rodadas com um de seus principais \"gar\u00e7ons\""},"395129":{"titulo":"Palmeiras anuncia acerto para vender Tch\u00ea Tch\u00ea e confirma Arthur, do Cear\u00e1, como refor\u00e7o","link":"https:\/\/www.futebolinterior.com.br\/palmeiras-anuncia-acerto-para-vender-tche-tche-e-confirma-arthur-do-ceara-como-reforco\/","chapeu":"CONFIRA AQUI!","data":"23\/05\/2018","imagem":"https:\/\/images.futebolinterior.com.br\/2021\/04\/0002050315589_img-300x178.jpg","resumo":"O Verd\u00e3o fechou com o seu primeiro refor\u00e7o para a temporada 2019, segundo Alexandre Mattos"}}