{"394940":{"titulo":"Ainda em recupera\u00e7\u00e3o de les\u00e3o, Carneiro \u00e9 poupado de treino do S\u00e3o Paulo","link":"https:\/\/www.futebolinterior.com.br\/ainda-em-recuperacao-de-lesao-carneiro-e-poupado-de-treino-do-sao-paulo\/","chapeu":"QUANDO JOGA?","data":"24\/05\/2018","imagem":"https:\/\/images.futebolinterior.com.br\/2021\/04\/0002050315776_img-300x169.jpg","resumo":"O atacante ainda n\u00e3o tem data para estrear pelo Tricolor Paulista"},"394923":{"titulo":"Mois\u00e9s participa de treino e pode voltar antes do previsto no Palmeiras","link":"https:\/\/www.futebolinterior.com.br\/moises-participa-de-treino-e-pode-voltar-antes-do-previsto-no-palmeiras\/","chapeu":"MELHORANDO","data":"24\/05\/2018","imagem":"https:\/\/images.futebolinterior.com.br\/2021\/04\/0002050315775_img-291x300.jpg","resumo":"At\u00e9 ent\u00e3o, a previs\u00e3o era de que ele se ausentaria de quatro a seis semanas e voltarua apenas depois da Copa"},"394915":{"titulo":"Ap\u00f3s usar celular no campo, Santos e Atl\u00e9tico-PR escapam de puni\u00e7\u00e3o","link":"https:\/\/www.futebolinterior.com.br\/apos-usar-celular-no-campo-santos-e-atletico-pr-escapam-de-punicao\/","chapeu":"JUSTO","data":"24\/05\/2018","imagem":"https:\/\/images.futebolinterior.com.br\/2021\/04\/0002050315771_img-300x200.jpg","resumo":"Por maioria dos votos, o STJD decidiu absolver goleiro e clube em julgamento realizado nesta quinta-feira"},"394917":{"titulo":"Eduardo Baptista descarta contato do Corinthians e garante: \u201cFoco \u00e9 o Coritiba\u201d","link":"https:\/\/www.futebolinterior.com.br\/eduardo-baptista-descarta-contato-do-corinthians-e-garante-foco-e-o-coritiba\/","chapeu":"SER\u00c1?","data":"24\/05\/2018","imagem":"https:\/\/images.futebolinterior.com.br\/2021\/04\/0002050315770_img-300x225.jpg","resumo":"O ex-treinador do Palmeiras seria a primeira op\u00e7\u00e3o da diretoria caso Loss n\u00e3o conquiste os resultados esperados"},"394927":{"titulo":"Santos e Internacional disputam Willian Ar\u00e3o, que est\u00e1 encostado no Flamengo","link":"https:\/\/www.futebolinterior.com.br\/santos-e-internacional-disputam-willian-arao-que-esta-encostado-no-flamengo\/","chapeu":"QUEM LEVA?","data":"24\/05\/2018","imagem":"https:\/\/images.futebolinterior.com.br\/2021\/04\/0002050315768_img-300x200.jpg","resumo":"O jogador perdeu espa\u00e7o com a mudan\u00e7a na comiss\u00e3o t\u00e9cnica e n\u00e3o disputa uma partida h\u00e1 um m\u00eas"},"394933":{"titulo":"Libertadores, Sul-Americana e Copa do Brasil em pauta no Futebol Interior TV","link":"https:\/\/www.futebolinterior.com.br\/libertadores-sul-americana-e-copa-do-brasil-em-pauta-no-futebol-interior-tv\/","chapeu":"VEJA AO VIVO","data":"24\/05\/2018","imagem":"https:\/\/images.futebolinterior.com.br\/2021\/04\/0002050315974_img-300x143.jpg","resumo":"O apresentador Guina Paiva tira o m\u00e1ximo de todo conhecimento do jornalista Artur Eug\u00eanio Mathias, diretor do Futebol Interior"},"394948":{"titulo":"Vasco reintegra os quatro jogadores afastados por post pol\u00eamico","link":"https:\/\/www.futebolinterior.com.br\/vasco-reintegra-os-quatro-jogadores-afastados-por-post-polemico\/","chapeu":"MAS J\u00c1?","data":"24\/05\/2018","imagem":"https:\/\/images.futebolinterior.com.br\/2021\/04\/0002050315764_img-300x225.jpg","resumo":"O t\u00e9cnico Z\u00e9 Ricardo comandou atividade com os reservas nesta quinta, um jogo-treino diante do time sub-17"},"394954":{"titulo":"Oposi\u00e7\u00e3o no Palmeiras detona aprova\u00e7\u00e3o de 'emenda Leila' e apela aos s\u00f3cios","link":"https:\/\/www.futebolinterior.com.br\/oposicao-no-palmeiras-detona-aprovacao-de-emenda-leila-e-apela-aos-socios\/","chapeu":"L\u00c1 E C\u00c1!","data":"24\/05\/2018","imagem":"https:\/\/images.futebolinterior.com.br\/2021\/04\/0002050315756_img-300x200.jpg","resumo":"As mudan\u00e7as aprovadas pelo Conselho Deliberativo palmeirense j\u00e1 podem valer para o pr\u00f3ximo pleito"},"394975":{"titulo":"Apresentado, Rodrigo Caetano diz que Inter precisa recuperar autoestima","link":"https:\/\/www.futebolinterior.com.br\/apresentado-rodrigo-caetano-diz-que-inter-precisa-recuperar-autoestima\/","chapeu":"MISS\u00c3O","data":"24\/05\/2018","imagem":"https:\/\/images.futebolinterior.com.br\/2021\/04\/0002050315751_img-300x147.jpg","resumo":"Diretor de futebol apontou a necessidade de o clube reconquistar o seu protagonismo na competi\u00e7\u00e3o nacional"},"394958":{"titulo":"Empate e classifica\u00e7\u00e3o do Cear\u00e1, 'melhoram o clima' para Jorginho","link":"https:\/\/www.futebolinterior.com.br\/empate-e-classificacao-do-ceara-melhoram-o-clima-para-jorginho\/","chapeu":"CHEGOU","data":"24\/05\/2018","imagem":"https:\/\/images.futebolinterior.com.br\/2021\/04\/0002050315748_img-300x200.jpg","resumo":"O cen\u00e1rio n\u00e3o \u00e9 perfeito, mas o t\u00e9cnico Jorginho j\u00e1 pode assumir o elenco do Cear\u00e1 com mais tranquilidade"}}