{"394599":{"titulo":"Aguirre indica que S\u00e3o Paulo dever\u00e1 ter s\u00f3 uma novidade diante do Am\u00e9rica-MG","link":"https:\/\/www.futebolinterior.com.br\/aguirre-indica-que-sao-paulo-devera-ter-so-uma-novidade-diante-do-america-mg\/","chapeu":"QUEM JOGA?","data":"25\/05\/2018","imagem":"https:\/\/images.futebolinterior.com.br\/2021\/04\/0002050316022_img-300x193.jpg","resumo":"Com o zagueiro Anderson Martins suspenso, o equatoriano Arboleda deve ser titular"},"394603":{"titulo":"Valentim confirma estreia de Yago no Botafogo contra o Vit\u00f3ria","link":"https:\/\/www.futebolinterior.com.br\/valentim-confirma-estreia-de-yago-no-botafogo-contra-o-vitoria\/","chapeu":"PARA CIMA","data":"25\/05\/2018","imagem":"https:\/\/images.futebolinterior.com.br\/2021\/04\/0002050316026_img-300x169.jpg","resumo":"Ele vai substituir Joel Carli, que recebeu o terceiro cart\u00e3o amarelo no jogo passado e ter\u00e1 que cumprir suspens\u00e3o"},"394615":{"titulo":"Fluminense x Chapecoense - Tricolor busca segunda vit\u00f3ria seguida para entar no G4","link":"https:\/\/www.futebolinterior.com.br\/fluminense-x-chapecoense-tricolor-busca-segunda-vitoria-seguida-para-entar-no-g4\/","chapeu":"JOGO BOM!","data":"25\/05\/2018","imagem":"https:\/\/images.futebolinterior.com.br\/2021\/04\/0002050316016_img-300x191.jpg","resumo":"O confronto que ser\u00e1 disputado no Maracan\u00e3, \u00e0s 16h e abre as disputas da s\u00e9tima rodada do Brasileir\u00e3o"},"394655":{"titulo":"Ap\u00f3s 'sentir a derrota', Paulo Roberto promete correr por Loss no Corinthians","link":"https:\/\/www.futebolinterior.com.br\/apos-sentir-a-derrota-paulo-roberto-promete-correr-por-loss-no-corinthians\/","chapeu":"FOCADO NA VAGA","data":"25\/05\/2018","imagem":"https:\/\/images.futebolinterior.com.br\/2021\/04\/0002050316013_img-300x200.jpg","resumo":"O volante deve ser uma das novidades contra o Internacional, domingo, pelo Brasileir\u00e3o"},"394653":{"titulo":"Hellmann fecha treino do Inter e deve promover entrada de Klaus na zaga","link":"https:\/\/www.futebolinterior.com.br\/hellmann-fecha-treino-do-inter-e-deve-promover-entrada-de-klaus-na-zaga\/","chapeu":"MIST\u00c9RIO?","data":"25\/05\/2018","imagem":"https:\/\/images.futebolinterior.com.br\/2021\/04\/0002050315994_img-300x190.jpg","resumo":"O treinador n\u00e3o dever\u00e1 fazer grandes mudan\u00e7as em rela\u00e7\u00e3o ao time que venceu a Chapecoense por 3 a 0"},"394661":{"titulo":"Z\u00e9 Ricardo lamenta desfalques e recorre ao sub-20 para refor\u00e7ar Vasco","link":"https:\/\/www.futebolinterior.com.br\/ze-ricardo-lamenta-desfalques-e-recorre-ao-sub-20-para-reforcar-vasco\/","chapeu":"PENEIRA!","data":"25\/05\/2018","imagem":"https:\/\/images.futebolinterior.com.br\/2021\/04\/0002050315991_img-300x200.jpg","resumo":"reno, Andr\u00e9s R\u00edos e Riascos v\u00e3o ficar de fora porque v\u00e3o cumprir suspens\u00e3o"},"394674":{"titulo":"Everton Ribeiro pede equil\u00edbrio ao Fla para voltar \u00e0 lideran\u00e7a do Brasileir\u00e3o","link":"https:\/\/www.futebolinterior.com.br\/everton-ribeiro-pede-equilibrio-ao-fla-para-voltar-a-lideranca-do-brasileirao\/","chapeu":"VAI QUE VAI!","data":"25\/05\/2018","imagem":"https:\/\/images.futebolinterior.com.br\/2021\/04\/0002050315986_img-300x213.jpg","resumo":"O Meng\u00e3o vem de um duelo cansativo diante do River Plate, na Argentina"},"394672":{"titulo":"Ap\u00f3s vetar pedido do Sport, CBF confirma rodada do Brasileir\u00e3o no fim de semana","link":"https:\/\/www.futebolinterior.com.br\/apos-vetar-pedido-do-sport-cbf-confirma-rodada-do-brasileirao-no-fim-de-semana\/","chapeu":"SEM PARADA","data":"25\/05\/2018","imagem":"https:\/\/images.futebolinterior.com.br\/2021\/04\/0002050315985_img-300x200.jpg","resumo":"Time pernambucano chegou a solicitar o adiamento da partida com o Palmeiras em duas horas, junto \u00e0 entidade nesta sexta"},"394666":{"titulo":"Zenon e Artur Eug\u00eanio analisam os jogos do final de semana na TV Futebol Interior","link":"https:\/\/www.futebolinterior.com.br\/zenon-e-artur-eugenio-analisam-os-jogos-do-final-de-semana-na-tv-futebol-interior\/","chapeu":"MEDIDA CERTA","data":"25\/05\/2018","imagem":"https:\/\/images.futebolinterior.com.br\/2021\/04\/0002050315980_img-300x157.jpg","resumo":"S\u00e3o as principais atra\u00e7\u00f5es do programa apresentado por Guina Paiva, al\u00e9m de muitas informa\u00e7\u00f5es sobre futebol"},"394760":{"titulo":"Paran\u00e1 x Atl\u00e9tico-PR - Tricolor ainda busca a primeira vit\u00f3ria no Brasileir\u00e3o","link":"https:\/\/www.futebolinterior.com.br\/parana-x-atletico-pr-tricolor-ainda-busca-a-primeira-vitoria-no-brasileirao\/","chapeu":"PRA CIMA","data":"25\/05\/2018","imagem":"https:\/\/images.futebolinterior.com.br\/2021\/04\/0002050315971_img-300x200.jpg","resumo":"O Paran\u00e1 ainda busca a primeira vit\u00f3ria no Campeonato Brasileiro. Em pouco mais de um m\u00eas o clube somou quatro derrotas e dois empates, amargurando a lanterna da competi\u00e7\u00e3o"}}