{"393351":{"titulo":"Sele\u00e7\u00e3o FI do Brasileir\u00e3o vem com defesa carioca e ataque de desacreditados","link":"https:\/\/www.futebolinterior.com.br\/selecao-fi-do-brasileirao-vem-com-defesa-carioca-e-ataque-de-desacreditados\/","chapeu":"OS MELHORES","data":"31\/05\/2018","imagem":"https:\/\/images.futebolinterior.com.br\/2021\/04\/0002050317320_img-300x189.jpg","resumo":"Al\u00e9m disso, Diego Aguirre foi o escolhido para comandar a equipe ap\u00f3s manter o S\u00e3o Paulo invicto "},"393330":{"titulo":"Atl\u00e9tico-PR 2 x 0 Santos - Peixe perde mais uma e segue na zona da degola","link":"https:\/\/www.futebolinterior.com.br\/atletico-pr-2-x-0-santos-peixe-perde-mais-uma-e-segue-na-zona-da-degola\/","chapeu":"T\u00c1 DIF\u00cdCIL","data":"31\/05\/2018","imagem":0,"resumo":"Thiago Heleno e Guilherme marcaram na vit\u00f3ria do Furac\u00e3o, que se afastou das \u00faltimas posi\u00e7\u00f5es"},"393344":{"titulo":"Corinthians 1 x 0 Am\u00e9rica-MG - Tim\u00e3o vence a primeira sob comando de Osmar Loss","link":"https:\/\/www.futebolinterior.com.br\/corinthians-1-x-0-america-mg-timao-vence-a-primeira-sob-comando-de-osmar-loss\/","chapeu":"UFA!","data":"31\/05\/2018","imagem":"https:\/\/images.futebolinterior.com.br\/2021\/04\/0002050317308_img-300x209.jpg","resumo":"O substituto de F\u00e1bio Carille havia perdido os dois jogos anteriores: para Millonarios-COL e Internacional"},"393364":{"titulo":"Com Milit\u00e3o e Hudson, S\u00e3o Paulo treina de olho em duelo contra o Palmeiras","link":"https:\/\/www.futebolinterior.com.br\/com-militao-e-hudson-sao-paulo-treina-de-olho-em-duelo-contra-o-palmeiras\/","chapeu":"CL\u00c1SSICO","data":"31\/05\/2018","imagem":"https:\/\/images.futebolinterior.com.br\/2021\/04\/0002050317295_img-300x169.jpg","resumo":"As equipes se enfrentam no s\u00e1bado, \u00e0s 21 horas, no Allianz Parque, pela nona rodada do Brasileir\u00e3o"},"393379":{"titulo":"Douglas participa de primeiro coletivo no ano e fica perto da volta no Gr\u00eamio","link":"https:\/\/www.futebolinterior.com.br\/douglas-participa-de-primeiro-coletivo-no-ano-e-fica-perto-da-volta-no-gremio\/","chapeu":"VOLTANDO!","data":"31\/05\/2018","imagem":"https:\/\/images.futebolinterior.com.br\/2021\/04\/0002050317293_img-300x200.jpg","resumo":"Douglas vive um longo per\u00edodo de recupera\u00e7\u00e3o ap\u00f3s duas cirurgias no joelho esquerdo"},"393389":{"titulo":"Felipe Melo treina e deve refor\u00e7ar o Palmeiras contra o S\u00e3o Paulo","link":"https:\/\/www.futebolinterior.com.br\/felipe-melo-treina-e-deve-reforcar-o-palmeiras-contra-o-sao-paulo\/","chapeu":"VOLTANDO!","data":"31\/05\/2018","imagem":"https:\/\/images.futebolinterior.com.br\/2021\/04\/0002050317290_img-300x157.jpg","resumo":"O lateral-direito Marcos Rocha \u00e9 desfalque ap\u00f3s levar o terceiro cart\u00e3o amarelo e deve dar lugar a Mayke."},"393416":{"titulo":"Flamengo 2 x 0 Bahia - Fla n\u00e3o d\u00e1 chance ao S\u00e3o Paulo e volta \u00e0 ponta!","link":"https:\/\/www.futebolinterior.com.br\/flamengo-2-x-0-bahia-fla-nao-da-chance-ao-sao-paulo-e-volta-a-ponta\/","chapeu":"\u00c9 N\u00d3IS","data":"31\/05\/2018","imagem":0,"resumo":"Diego e Lucas Paquet\u00e1 marcaram os gols da vit\u00f3ria flamenguista no Maracan\u00e3"},"393466":{"titulo":"Renato Ga\u00facho minimiza poucos gols do Gr\u00eamio nos \u00faltimos jogos: 'Estamos criando'","link":"https:\/\/www.futebolinterior.com.br\/renato-gaucho-minimiza-poucos-gols-do-gremio-nos-ultimos-jogos-estamos-criando\/","chapeu":"FALA, PROFESSOR","data":"31\/05\/2018","imagem":"https:\/\/images.futebolinterior.com.br\/2021\/04\/0002050317216_img-300x241.jpg","resumo":"Na \u00faltima quarta-feira \u00e0 noite, time ga\u00facho empatou por 0 a 0 com o Fluminense, em Porto Alegre, pela 8\u00aa rodada do Brasileir\u00e3o"},"393470":{"titulo":"Abel Braga valoriza ponto somado pelo Fluminense contra o Gr\u00eamio","link":"https:\/\/www.futebolinterior.com.br\/abel-braga-valoriza-ponto-somado-pelo-fluminense-contra-o-gremio\/","chapeu":"T\u00c1 FELIZ?","data":"31\/05\/2018","imagem":"https:\/\/images.futebolinterior.com.br\/2021\/04\/0002050317214_img-300x162.jpg","resumo":"De acordo com o treinador, as duas etapas da partida tiveram din\u00e2micas diferentes"},"393479":{"titulo":"Exaltado por Mano, Rafael S\u00f3bis festeja gol decisivo em 100\u00ba jogo pelo Cruzeiro","link":"https:\/\/www.futebolinterior.com.br\/exaltado-por-mano-rafael-sobis-festeja-gol-decisivo-em-100o-jogo-pelo-cruzeiro\/","chapeu":"MANDOU BEM!","data":"31\/05\/2018","imagem":"https:\/\/images.futebolinterior.com.br\/2021\/04\/0002050317213_img-300x199.jpg","resumo":"Atacante marcou na vit\u00f3ria por 1 a 0 sobre o Palmeiras, nesta quarta-feira \u00e0 noite, no Mineir\u00e3o, pela oitava rodada do Brasileir\u00e3o"}}