{"393472":{"titulo":"Marcos Guilherme chora ao projetar adeus ao S\u00e3o Paulo: 'J\u00e1 me bateu a tristeza'","link":"https:\/\/www.futebolinterior.com.br\/marcos-guilherme-chora-ao-projetar-adeus-ao-sao-paulo-ja-me-bateu-a-tristeza\/","chapeu":"CHATEADO","data":"31\/05\/2018","imagem":"https:\/\/images.futebolinterior.com.br\/2021\/04\/0002050317212_img-300x193.jpg","resumo":"Depois de dar assist\u00eancia para o gol de Diego Souza na vit\u00f3ria do S\u00e3o Paulo por 3 a 2 sobre o Botafogo, na noite desta quarta-feira, pelo Campeonato Brasileiro"},"393481":{"titulo":"Valentim reclama de p\u00eanalti marcado contra o Botafogo no Morumbi: 'Erro pesado'","link":"https:\/\/www.futebolinterior.com.br\/valentim-reclama-de-penalti-marcado-contra-o-botafogo-no-morumbi-erro-pesado\/","chapeu":"NA BRONCA","data":"31\/05\/2018","imagem":"https:\/\/images.futebolinterior.com.br\/2021\/04\/0002050317208_img-300x224.jpg","resumo":"O t\u00e9cnico Alberto Valentim criticou a decis\u00e3o do \u00e1rbitro Wilton Pereira Sampaio de apitar um p\u00eanalti para o S\u00e3o Paulo na partida desta quarta-feira \u00e0 noite, na qual o Botafogo"},"393493":{"titulo":"Ap\u00f3s perder com p\u00eanalti pol\u00eamico, Atl\u00e9tico-MG v\u00ea 'falta de crit\u00e9rio' de \u00e1rbitros","link":"https:\/\/www.futebolinterior.com.br\/apos-perder-com-penalti-polemico-atletico-mg-ve-falta-de-criterio-de-arbitros\/","chapeu":"CHATEADO","data":"31\/05\/2018","imagem":"https:\/\/images.futebolinterior.com.br\/2021\/04\/0002050317193_img-300x200.jpg","resumo":"Depois de o Atl\u00e9tico Mineiro ser derrotado por 3 a 2 pelo Sport, na noite desta quarta-feira, na Ilha do Retiro, em Recife, o t\u00e9cnico Thiago Larghi e o diretor de futebol do clube"},"393495":{"titulo":"T\u00e9cnico exalta sofrimento ap\u00f3s Inter vencer jogo no fim: 'N\u00e3o sabia se morreria'","link":"https:\/\/www.futebolinterior.com.br\/tecnico-exalta-sofrimento-apos-inter-vencer-jogo-no-fim-nao-sabia-se-morreria\/","chapeu":"QUE ISSO","data":"31\/05\/2018","imagem":"https:\/\/images.futebolinterior.com.br\/2021\/04\/0002050317192_img-300x190.jpg","resumo":"Ap\u00f3s ver o Internacional bater o Vit\u00f3ria por 3 a 2 gra\u00e7as a um gol marcado por Nico L\u00f3pez no \u00faltimo lance da partida realizada na noite desta quarta-feira, no Barrad\u00e3o, em Salvador"},"393497":{"titulo":"Z\u00e9 Ricardo exibe al\u00edvio com vit\u00f3ria do Vasco e desabafa ap\u00f3s 'grande resultado'","link":"https:\/\/www.futebolinterior.com.br\/ze-ricardo-exibe-alivio-com-vitoria-do-vasco-e-desabafa-apos-grande-resultado\/","chapeu":"UFFFFFA!","data":"31\/05\/2018","imagem":"https:\/\/images.futebolinterior.com.br\/2021\/04\/0002050317186_img-300x200.jpg","resumo":"O t\u00e9cnico comemorou o triunfo por 1 a 0 que o Giggante da Colina conquistou sobre o Paran\u00e1, pelo Campeonato Brasileiro"},"393509":{"titulo":"Aguirre minimiza crise palmeirense antes de cl\u00e1ssico: 'Isso n\u00e3o facilita pra n\u00f3s'","link":"https:\/\/www.futebolinterior.com.br\/aguirre-minimiza-crise-palmeirense-antes-de-classico-isso-nao-facilita-pra-nos\/","chapeu":"NADA DISSO","data":"31\/05\/2018","imagem":"https:\/\/images.futebolinterior.com.br\/2021\/04\/0002050317183_img-300x193.png","resumo":"S\u00e3o Paulo e Palmeiras v\u00e3o se enfrentar em momentos opostos neste s\u00e1bado, \u00e0s 21 horas, no Allianz Parque, pela nona rodada do Brasileir\u00e3o"},"393507":{"titulo":"Roger diz 'aceitar press\u00e3o' no cargo e assume culpa por m\u00e1 fase do Palmeiras","link":"https:\/\/www.futebolinterior.com.br\/roger-diz-aceitar-pressao-no-cargo-e-assume-culpa-por-ma-fase-do-palmeiras\/","chapeu":"TRANQUILO","data":"31\/05\/2018","imagem":"https:\/\/images.futebolinterior.com.br\/2021\/04\/0002050317182_img-300x183.jpg","resumo":"O Palmeiras adotou a autocr\u00edtica nesta quarta-feira \u00e0 noite para avaliar o momento ruim vivido pelo time depois de perder por 1 a 0 para o Cruzeiro, no Mineir\u00e3o"},"393511":{"titulo":"Sem dinheiro, Corinthians pode sofrer desmanche e perder at\u00e9 6 jogadores","link":"https:\/\/www.futebolinterior.com.br\/sem-dinheiro-corinthians-pode-sofrer-desmanche-e-perder-ate-6-jogadores\/","chapeu":"FERROU","data":"31\/05\/2018","imagem":"https:\/\/images.futebolinterior.com.br\/2021\/04\/0002050317181_img-300x188.jpg","resumo":"Com dificuldades financeiras, a diretoria do Corinthians concluiu que o \u00fanico jeito de melhorar a situa\u00e7\u00e3o \u00e9 com a venda de jogadores"},"393513":{"titulo":"Santos luta contra jejum como visitante para n\u00e3o terminar rodada na degola","link":"https:\/\/www.futebolinterior.com.br\/santos-luta-contra-jejum-como-visitante-para-nao-terminar-rodada-na-degola\/","chapeu":"COMPLICADO","data":"31\/05\/2018","imagem":"https:\/\/images.futebolinterior.com.br\/2021\/04\/0002050317180_img-300x200.jpg","resumo":"Sob press\u00e3o, o Santos enfrenta o Atl\u00e9tico Paranaense nesta quinta-feira, \u00e0s 21 horas, na Arena da Baixada, em Curitiba, tendo a zona de rebaixamento do Campeonato Brasileiro "},"393515":{"titulo":"No Maracan\u00e3, Bahia duela contra o Flamengo em busca da 1\u00aa vit\u00f3ria fora de casa","link":"https:\/\/www.futebolinterior.com.br\/no-maracana-bahia-duela-contra-o-flamengo-em-busca-da-1a-vitoria-fora-de-casa\/","chapeu":"PRA CIMA","data":"31\/05\/2018","imagem":"https:\/\/images.futebolinterior.com.br\/2021\/04\/0002050317179_img-300x184.jpg","resumo":"Fora da zona de rebaixamento ap\u00f3s bater o Vasco por 3 a 0 na rodada anterior, o Bahia volta a campo nesta quinta-feira, feriado de Corpus Christi, para enfrentar outro time carioca"}}