{"393215":{"titulo":"Gr\u00eamio treina desfalcado e Renato despista sobre escala\u00e7\u00e3o para pegar o Bahia","link":"https:\/\/www.futebolinterior.com.br\/gremio-treina-desfalcado-e-renato-despista-sobre-escalacao-para-pegar-o-bahia\/","chapeu":"DEU RUIM!","data":"01\/06\/2018","imagem":"https:\/\/images.futebolinterior.com.br\/2021\/04\/0002050317421_img-300x200.jpg","resumo":"Cortez, Madson, Bressan, Maicon, C\u00edcero, \u00c9verton fizeram uma atividade f\u00edsica; Leo Moura sequer apareceu no campo"},"393213":{"titulo":"Kleina tem retorno de lateral na Chape para jogo contra Atl\u00e9tico-MG","link":"https:\/\/www.futebolinterior.com.br\/kleina-tem-retorno-de-lateral-na-chape-para-jogo-contra-atletico-mg\/","chapeu":"VAI QUE VAI!","data":"01\/06\/2018","imagem":"https:\/\/images.futebolinterior.com.br\/2021\/04\/0002050317417_img-300x200.jpg","resumo":"Bruno Pacheco deve voltar ao time titular, enquanto que Amaral segue fora"},"393266":{"titulo":"Barbieri espera 'grande jogo' contra Corinthians e v\u00ea 'mais uma decis\u00e3o' para Fla","link":"https:\/\/www.futebolinterior.com.br\/barbieri-espera-grande-jogo-contra-corinthians-e-ve-mais-uma-decisao-para-fla\/","chapeu":"FOCADOS","data":"01\/06\/2018","imagem":"https:\/\/images.futebolinterior.com.br\/2021\/04\/0002050317398_img-300x180.jpg","resumo":"O treinador exaltou o peso que a partida tem para os flamenguistas, que v\u00e3o encarar um rival que assumiu a terceira posi\u00e7\u00e3o"},"393289":{"titulo":"Ap\u00f3s gol e vit\u00f3ria do Fla, Diego diz que Brasil 'perde' por n\u00e3o t\u00ea-lo na Copa","link":"https:\/\/www.futebolinterior.com.br\/apos-gol-e-vitoria-do-fla-diego-diz-que-brasil-perde-por-nao-te-lo-na-copa\/","chapeu":"FICOU TRISTE","data":"01\/06\/2018","imagem":"https:\/\/images.futebolinterior.com.br\/2021\/04\/0002050317381_img-300x169.jpg","resumo":"O jogador ficou fora da lista de 23 convocados pelo t\u00e9cnico Tite para o Mundial"},"393285":{"titulo":"Vasco negocia com ex-atacante do Palmeiras e ex-centroavante do S\u00e3o Paulo","link":"https:\/\/www.futebolinterior.com.br\/vasco-negocia-com-ex-atacante-do-palmeiras-e-ex-centroavante-do-sao-paulo\/","chapeu":"NO MERCADO","data":"01\/06\/2018","imagem":"https:\/\/images.futebolinterior.com.br\/2021\/04\/0002050317379_img-300x190.jpg","resumo":"O t\u00e9cnico Z\u00e9 Ricardo caminha em corda bamba h\u00e1 alguns dias, mas ainda est\u00e1 vivo no Vasco"},"393281":{"titulo":"Lateral Artur, do Inter, deixa Brasil-RS para refor\u00e7ar Crici\u00fama na S\u00e9rie B","link":"https:\/\/www.futebolinterior.com.br\/lateral-artur-do-inter-deixa-brasil-rs-para-reforcar-criciuma-na-serie-b\/","chapeu":"MUDAN\u00c7A!","data":"01\/06\/2018","imagem":"https:\/\/images.futebolinterior.com.br\/2021\/04\/0002050317380_img-300x200.jpg","resumo":"Esta \u00e9 a quarta contrata\u00e7\u00e3o desde que Mazola J\u00fanior assumiu o comando do time"},"393303":{"titulo":"Loss admite al\u00edvio, mas v\u00ea press\u00e3o ocorrer mais por rotina corintiana de vit\u00f3rias","link":"https:\/\/www.futebolinterior.com.br\/loss-admite-alivio-mas-ve-pressao-ocorrer-mais-por-rotina-corintiana-de-vitorias\/","chapeu":"SEGURA ESSA!","data":"01\/06\/2018","imagem":"https:\/\/images.futebolinterior.com.br\/2021\/04\/0002050317366_img-300x200.jpg","resumo":"O meia Rodriguinho disse que Loss estava ansioso para conseguir a primeira vit\u00f3ria "},"393316":{"titulo":"Jair Ventura descarta pedir demiss\u00e3o no Santos: 'Aqui n\u00e3o tem covarde'","link":"https:\/\/www.futebolinterior.com.br\/jair-ventura-descarta-pedir-demissao-no-santos-aqui-nao-tem-covarde\/","chapeu":"N\u00c3O SAIO !","data":"31\/05\/2018","imagem":0,"resumo":"O t\u00e9cnico garantiu ter o respaldo da diretoria e rejeitou veemente a possibilidade de pedir demiss\u00e3o"},"393325":{"titulo":"Est\u00e1 chegando a hora: Brasil faz seu pen\u00faltimo teste antes da Copa da R\u00fassia","link":"https:\/\/www.futebolinterior.com.br\/esta-chegando-a-hora-brasil-faz-seu-penultimo-teste-antes-da-copa-da-russia\/","chapeu":"OPINI\u00c3O","data":"31\/05\/2018","imagem":"https:\/\/images.futebolinterior.com.br\/2021\/04\/0002050317334_img-300x200.jpg","resumo":"Ser\u00e1 mais uma oportunidade para o t\u00e9cnico Tite testar seu time para sentir se ele j\u00e1 est\u00e1 preparado para disputar "},"393328":{"titulo":"BRASILEIR\u00c3O: Flamengo retoma ponta, Corinthians sobe e Santos afunda","link":"https:\/\/www.futebolinterior.com.br\/brasileirao-flamengo-retoma-ponta-corinthians-sobe-e-santos-afunda\/","chapeu":"LI\u00c7\u00c3O DE CASA","data":"31\/05\/2018","imagem":"https:\/\/images.futebolinterior.com.br\/2021\/04\/0002050317327_img-300x225.jpg","resumo":"Os tr\u00eas mandantes venceram no fechamento da oitava rodada"}}