{"393180":{"titulo":"Com voltas de Dami\u00e3o e Iago, Inter faz treino fechado antes de duelo com Sport","link":"https:\/\/www.futebolinterior.com.br\/com-voltas-de-damiao-e-iago-inter-faz-treino-fechado-antes-de-duelo-com-sport\/","chapeu":"NINGU\u00c9M VIU!","data":"01\/06\/2018","imagem":"https:\/\/images.futebolinterior.com.br\/2021\/04\/0002050317465_img.jpg","resumo":"Os candidatos a perderem posi\u00e7\u00e3o para os retornos dos titulares s\u00e3o o atacante Rossi e o lateral-esquerdo Uendel"},"393134":{"titulo":"Thiago Heleno quer Atl\u00e9tico-PR conquistando primeira vit\u00f3ria fora de casa","link":"https:\/\/www.futebolinterior.com.br\/thiago-heleno-quer-atletico-pr-conquistando-primeira-vitoria-fora-de-casa\/","chapeu":"TABU!","data":"01\/06\/2018","imagem":"https:\/\/images.futebolinterior.com.br\/2021\/04\/0002050317464_img-300x208.jpg","resumo":"Os dois \u00fanicos triunfos do Furac\u00e3o aconteceram na Arena da Baixada, contra Santos e Chapecoense"},"393152":{"titulo":"Sem Wesley e Luan, Am\u00e9rica-MG deve ter mudan\u00e7as no time titular","link":"https:\/\/www.futebolinterior.com.br\/sem-wesley-e-luan-america-mg-deve-ter-mudancas-no-time-titular\/","chapeu":"QUEM JOGA?","data":"01\/06\/2018","imagem":"https:\/\/images.futebolinterior.com.br\/2021\/04\/0002050317458_img-300x225.jpg","resumo":"Na pr\u00e1tica perder para o Corinthians por 1 a 0 n\u00e3o pode ser considerado um bom resultado, mas, pela postura do Am\u00e9rica-MG em campo, o t\u00e9cnico Enderson Moreira at\u00e9 que p\u00f4de comemora"},"393140":{"titulo":"Jorginho ser\u00e1 obrigado a mexer novamente no time do Cear\u00e1; lateral \u00e9 dispensado","link":"https:\/\/www.futebolinterior.com.br\/jorginho-sera-obrigado-a-mexer-novamente-no-time-do-ceara-lateral-e-dispensado\/","chapeu":"QUEBRA CABE\u00c7A","data":"01\/06\/2018","imagem":"https:\/\/images.futebolinterior.com.br\/2021\/04\/0002050317456_img-300x200.jpg","resumo":"Rafael Carioca teve o contrato rescindido e n\u00e3o faz mais parte dos planos do Voz\u00e3o"},"393150":{"titulo":"Sem Adilson, Larghi confirma Elias no time do Atl\u00e9tico-MG contra a Chapeconse","link":"https:\/\/www.futebolinterior.com.br\/sem-adilson-larghi-confirma-elias-no-time-do-atletico-mg-contra-a-chapeconse\/","chapeu":"QUEM COME\u00c7A?","data":"01\/06\/2018","imagem":"https:\/\/images.futebolinterior.com.br\/2021\/04\/0002050317454_img-300x195.jpg","resumo":"\"\u00c9 bem prov\u00e1vel que jogue o Blanco junto do Elias\", disse o treinador sobre a dupla de volantes para o pr\u00f3ximo jogo"},"393176":{"titulo":"Por for\u00e7a de contrato, Sport tem cinco desfalques para enfrentar o Inter","link":"https:\/\/www.futebolinterior.com.br\/por-forca-de-contrato-sport-tem-cinco-desfalques-para-enfrentar-o-inter\/","chapeu":"MUDAN\u00c7AS","data":"01\/06\/2018","imagem":"https:\/\/images.futebolinterior.com.br\/2021\/04\/0002050317445_img-300x200.jpg","resumo":"Claudinei Oliveira vive, dentro de campo, provavelmente o seu melhor momento com o Sport"},"393203":{"titulo":"De m\u00e3os atadas, Vagner Mancini faz as 'mudan\u00e7as de sempre' no Vit\u00f3ria","link":"https:\/\/www.futebolinterior.com.br\/de-maos-atadas-vagner-mancini-faz-as-mudancas-de-sempre-no-vitoria\/","chapeu":"QUEM JOGA?","data":"01\/06\/2018","imagem":"https:\/\/images.futebolinterior.com.br\/2021\/04\/0002050317440_img-300x200.jpg","resumo":"Vagner Mancini cobrou refor\u00e7os da diretoria depois da derrota por 3 a 2 para o Internacional dentro do Barrad\u00e3o na \u00faltima quarta-feira, que complicou a situa\u00e7\u00e3o do clube"},"393174":{"titulo":"Guto Ferreira sofre com desfalques para montar Bahia contra o Gr\u00eamio","link":"https:\/\/www.futebolinterior.com.br\/guto-ferreira-sofre-com-desfalques-para-montar-bahia-contra-o-gremio\/","chapeu":"DOR DE CABE\u00c7A!","data":"01\/06\/2018","imagem":"https:\/\/images.futebolinterior.com.br\/2021\/04\/0002050317439_img-300x184.jpg","resumo":"Gregore e \u00c9lber est\u00e3o suspensos pelo terceiro cart\u00e3o amarelo, recebido contra Flamengo"},"393201":{"titulo":"Flamengo e Corinthians fazem cl\u00e1ssico do povo valendo a lideran\u00e7a do Brasileir\u00e3o","link":"https:\/\/www.futebolinterior.com.br\/flamengo-e-corinthians-fazem-classico-do-povo-valendo-a-lideranca-do-brasileirao\/","chapeu":"QUE JOG\u00c3O","data":"01\/06\/2018","imagem":"https:\/\/images.futebolinterior.com.br\/2021\/04\/0002050317424_img-300x183.jpg","resumo":"Dois pontos separam os cinco primeiros colocados do campeonato"},"393211":{"titulo":"Balbuena e Jadson n\u00e3o garantem perman\u00eancia no Corinthians ap\u00f3s a Copa do Mundo","link":"https:\/\/www.futebolinterior.com.br\/balbuena-e-jadson-nao-garantem-permanencia-no-corinthians-apos-a-copa-do-mundo\/","chapeu":"VISH","data":"01\/06\/2018","imagem":"https:\/\/images.futebolinterior.com.br\/2021\/04\/0002050317422_img-300x157.jpg","resumo":"Al\u00e9m deles, outros jogadores tamb\u00e9m est\u00e3o especulados como candidatos a negocia\u00e7\u00e3o nas pr\u00f3ximas semanas"}}