{"393064":{"titulo":"Com Emerson Sheik e sem Kazim, Corinthians treina de olho no Flamengo","link":"https:\/\/www.futebolinterior.com.br\/com-emerson-sheik-e-sem-kazim-corinthians-treina-de-olho-no-flamengo\/","chapeu":"OLHA A\u00cd!","data":"01\/06\/2018","imagem":"https:\/\/images.futebolinterior.com.br\/2021\/04\/0002050317516_img-300x200.jpg","resumo":"A tend\u00eancia \u00e9 de que a \u00fanica novidade seja a presen\u00e7a do volante Maycon no lugar de Paulo Roberto"},"393075":{"titulo":"Atl\u00e9tico-MG x Chapecoense - Galo busca recupera\u00e7\u00e3o e Chape tenta embalar","link":"https:\/\/www.futebolinterior.com.br\/atletico-mg-x-chapecoense-galo-busca-recuperacao-e-chape-tenta-embalar\/","chapeu":"VAI L\u00c1!","data":"01\/06\/2018","imagem":"https:\/\/images.futebolinterior.com.br\/2021\/04\/0002050317507_img-300x200.jpg","resumo":"O Atl\u00e9tico perdeu seus \u00faltimos dois jogos, enquanto a Chape vem de vit\u00f3ria sobre o Cear\u00e1"},"393077":{"titulo":"Z\u00e9 Ricardo confirma troca de Evander com Atl\u00e9tico-MG e elogia rec\u00e9m-chegados","link":"https:\/\/www.futebolinterior.com.br\/ze-ricardo-confirma-troca-de-evander-com-atletico-mg-e-elogia-recem-chegados\/","chapeu":"GOSTOU","data":"01\/06\/2018","imagem":"https:\/\/images.futebolinterior.com.br\/2021\/04\/0002050317509_img-300x200.jpg","resumo":"\"O Evander \u00e9 um jovem talentos\u00edssimo, tenho certeza que ele vai ter um futuro brilhante\", disse o comandante"},"393079":{"titulo":"Mano confirma aus\u00eancia de Henrique e faz mist\u00e9rio sobre escala\u00e7\u00e3o do Cruzeiro","link":"https:\/\/www.futebolinterior.com.br\/mano-confirma-ausencia-de-henrique-e-faz-misterio-sobre-escalacao-do-cruzeiro\/","chapeu":"QUEM JOGA?","data":"01\/06\/2018","imagem":"https:\/\/images.futebolinterior.com.br\/2021\/04\/0002050317505_img-300x188.jpg","resumo":"Sem Henrique, Lucas Romero deve ser mantido no meio de campo diante do Cear\u00e1"},"393091":{"titulo":"Diego comemora boa fase do Flamengo e prev\u00ea \"bom jogo\" contra o Corinthians","link":"https:\/\/www.futebolinterior.com.br\/diego-comemora-boa-fase-do-flamengo-e-preve-bom-jogo-contra-o-corinthians\/","chapeu":"S\u00d3 ALEGRIA","data":"01\/06\/2018","imagem":"https:\/\/images.futebolinterior.com.br\/2021\/04\/0002050317497_img-300x200.jpg","resumo":"O Meng\u00e3o n\u00e3o sabe o que \u00e9 perder h\u00e1 cinco jogos e est\u00e1 na lideran\u00e7a isolada do Brasileir\u00e3o"},"393144":{"titulo":"Palmeiras x S\u00e3o Paulo - Tricolor vai afundar Verd\u00e3o na crise?","link":"https:\/\/www.futebolinterior.com.br\/palmeiras-x-sao-paulo-tricolor-vai-afundar-verdao-na-crise\/","chapeu":"\u00c9 O CHOQUE REI!","data":"01\/06\/2018","imagem":"https:\/\/images.futebolinterior.com.br\/2021\/04\/0002050317460_img-300x197.jpg","resumo":"Time do Morumbi est\u00e1 invicto no Brasileir\u00e3o e pode dormir na lideran\u00e7a; equipe palestrina vem de duas derrotas consecutivas"},"393098":{"titulo":"Antes de cl\u00e1ssico, Valentim culpa arbitragem por campanha irregular do Botafogo","link":"https:\/\/www.futebolinterior.com.br\/antes-de-classico-valentim-culpa-arbitragem-por-campanha-irregular-do-botafogo\/","chapeu":"A\u00cd \u00c9 F\u00c1CIL!","data":"01\/06\/2018","imagem":"https:\/\/images.futebolinterior.com.br\/2021\/04\/0002050317487_img-300x200.jpg","resumo":"Ap\u00f3s oito rodadas, o time carioca soma nove pontos e ocupa o 14\u00ba lugar na classifica\u00e7\u00e3o do Brasileir\u00e3o"},"393109":{"titulo":"Vasco negocia troca de meia envolvido em pol\u00eamica por dupla do Atl\u00e9tico-MG","link":"https:\/\/www.futebolinterior.com.br\/vasco-negocia-troca-de-meia-envolvido-em-polemica-por-dupla-do-atletico-mg\/","chapeu":"MERCADO","data":"01\/06\/2018","imagem":"https:\/\/images.futebolinterior.com.br\/2021\/04\/0002050317483_img-300x200.jpg","resumo":"Lucas C\u00e2ndido e Marquinhos iriam para o clube carioca, enquanto que Evander defenderia o Galo"},"393118":{"titulo":"Substituto de C\u00e1ssio, Walter projeta duelo entre Corinthians e Flamengo","link":"https:\/\/www.futebolinterior.com.br\/substituto-de-cassio-walter-projeta-duelo-entre-corinthians-e-flamengo\/","chapeu":"JOG\u00c3O","data":"01\/06\/2018","imagem":"https:\/\/images.futebolinterior.com.br\/2021\/04\/0002050317481_img-300x200.jpg","resumo":"O jogador corintiano chamou a aten\u00e7\u00e3o para dois jogadores do rival: o goleiro Diego Alves e o meia Diego"},"393217":{"titulo":"BRASILEIR\u00c3O: Palmeiras e Vasco t\u00eam cl\u00e1ssicos para tentar sair da crise","link":"https:\/\/www.futebolinterior.com.br\/brasileirao-palmeiras-e-vasco-tem-classicos-para-tentar-sair-da-crise\/","chapeu":"VAI ESQUENTAR","data":"01\/06\/2018","imagem":"https:\/\/images.futebolinterior.com.br\/2021\/04\/0002050317416_img-300x191.jpg","resumo":"O que n\u00e3o vai falar neste s\u00e1bado \u00e9 emo\u00e7\u00e3o na 9\u00aa rodada do Campeonato Brasileiro"}}