{"393007":{"titulo":"Victor Cuesta pede regularidade ao Inter fora de casa no Brasileir\u00e3o","link":"https:\/\/www.futebolinterior.com.br\/victor-cuesta-pede-regularidade-ao-inter-fora-de-casa-no-brasileirao\/","chapeu":"VAI QUE VAI","data":"02\/06\/2018","imagem":"https:\/\/images.futebolinterior.com.br\/2021\/04\/0002050317570_img-300x220.jpg","resumo":"A \u00faltima derrota do Inter foi na quarta rodada do torneio. Na ocasi\u00e3o, o time comandado por Odair Hellmann perdeu por 2 a 0 para o Fla"},"393000":{"titulo":"Andr\u00e9s Sanchez diz que Osmar Loss fica no Corinthians at\u00e9 o fim de 2019","link":"https:\/\/www.futebolinterior.com.br\/andres-sanchez-diz-que-osmar-loss-fica-no-corinthians-ate-o-fim-de-2019\/","chapeu":"BANCOU","data":"02\/06\/2018","imagem":"https:\/\/images.futebolinterior.com.br\/2021\/04\/0002050317569_img-300x169.jpg","resumo":"O treinador ainda vive um per\u00edodo de desconfian\u00e7a da torcida, mas tem total respaldo da diretoria corintiana"},"392998":{"titulo":"Clubes brasileiros se organizam para aproveitar 'folga' da Copa do Mundo","link":"https:\/\/www.futebolinterior.com.br\/clubes-brasileiros-se-organizam-para-aproveitar-folga-da-copa-do-mundo\/","chapeu":"SEM JOGOS","data":"02\/06\/2018","imagem":"https:\/\/images.futebolinterior.com.br\/2021\/04\/0002050317568_img-300x185.jpg","resumo":"A maioria dos clubes dar\u00e1 dez dias de folga ao elenco e retorna \u00e0s atividades nos centros de treinamentos"},"393009":{"titulo":"Thiago Larghi nega sentimeno de revanche do Atl\u00e9tico-MG para pegar a Chape","link":"https:\/\/www.futebolinterior.com.br\/thiago-larghi-nega-sentimeno-de-revanche-do-atletico-mg-para-pegar-a-chape\/","chapeu":"NADA DISSO?","data":"02\/06\/2018","imagem":"https:\/\/images.futebolinterior.com.br\/2021\/04\/0002050317567_img-300x200.jpg","resumo":"O Brasileir\u00e3o \u00e9 a \u00fanica competi\u00e7\u00e3o que restou para o Galo no ano, depois de elimina\u00e7\u00f5es sofridas no m\u00eas de maio"},"393053":{"titulo":"Pressionado, Jair Ventura pede \"tranquilidade\" para Santos sair da crise","link":"https:\/\/www.futebolinterior.com.br\/pressionado-jair-ventura-pede-tranquilidade-para-santos-sair-da-crise\/","chapeu":"COMO ASSIM?","data":"01\/06\/2018","imagem":"https:\/\/images.futebolinterior.com.br\/2021\/04\/0002050317544_img-300x201.jpg","resumo":"Na madrugada da \u00faltima quinta-feira, torcedores santistas tentaram invadir o hotel onde estava a delega\u00e7\u00e3o em Curitiba"},"393032":{"titulo":"Vasco x Botafogo - Cl\u00e1ssico dos irregulares agita o Rio de Janeiro neste s\u00e1bado","link":"https:\/\/www.futebolinterior.com.br\/vasco-x-botafogo-classico-dos-irregulares-agita-o-rio-de-janeiro-neste-sabado\/","chapeu":"VAI PEGAR FOGO!","data":"01\/06\/2018","imagem":"https:\/\/images.futebolinterior.com.br\/2021\/04\/0002050317540_img-300x200.jpg","resumo":"Sem conseguir emendar boas sequ\u00eancias no campeonato, Vasco e Botafogo fazem cl\u00e1ssico importante neste s\u00e1bado"},"393036":{"titulo":"Desejo do Atl\u00e9tico-PR esfria interesse do Sport em Marcelo Cirino","link":"https:\/\/www.futebolinterior.com.br\/desejo-do-atletico-pr-esfria-interesse-do-sport-em-marcelo-cirino\/","chapeu":"COMPLICOU","data":"01\/06\/2018","imagem":"https:\/\/images.futebolinterior.com.br\/2021\/04\/0002050317538_img-300x234.jpg","resumo":"De volta dos Emirados \u00c1rabes, o jogador pertence ao Furac\u00e3o e o t\u00e9cnico Fernando Diniz quer contar com ele"},"393059":{"titulo":"Fluminense lamenta les\u00e3o de Pedro, mas d\u00e1 for\u00e7a ao substituto Jo\u00e3o Carlos","link":"https:\/\/www.futebolinterior.com.br\/fluminense-lamenta-lesao-de-pedro-mas-da-forca-ao-substituto-joao-carlos\/","chapeu":"D\u00c1 CONTA?","data":"01\/06\/2018","imagem":"https:\/\/images.futebolinterior.com.br\/2021\/04\/0002050317535_img-300x196.jpg","resumo":"O t\u00e9cnico Abel Braga j\u00e1 indicou que Jo\u00e3o Carlos ser\u00e1 o substituto de Pedro"},"393046":{"titulo":"Internacional x Sport - Bons momentos imperam no Beira-Rio e na Ilha","link":"https:\/\/www.futebolinterior.com.br\/internacional-x-sport-bons-momentos-imperam-no-beira-rio-e-na-ilha\/","chapeu":"CONFIAN\u00c7A ALTA!","data":"01\/06\/2018","imagem":"https:\/\/images.futebolinterior.com.br\/2021\/04\/0002050317522_img-300x207.png","resumo":"Com campanhas id\u00eanticas nestas oito primeiras rodadas de Campeonato Brasileiro, Internacional e Sport se enfrentam neste s\u00e1bado, \u00e0s 16h, para lutar por uma vaguinha no G4"},"393051":{"titulo":"Torcedores invadem treino do Cear\u00e1 para conversar com jogadores e comiss\u00e3o t\u00e9cnica","link":"https:\/\/www.futebolinterior.com.br\/torcedores-invadem-treino-do-ceara-para-conversar-com-jogadores-e-comissao-tecnica\/","chapeu":"PROTESTO","data":"01\/06\/2018","imagem":"https:\/\/images.futebolinterior.com.br\/2021\/04\/0002050317518_img-300x200.jpg","resumo":"O protesto ocorreu de forma pac\u00edfica, sem qualquer \u00e2nimo exaltado, e tinha como objetivo pedir mais empenho ao elenco"}}