{"360979":{"titulo":"Sem op\u00e7\u00f5es, Jair Ventura deve repetir escala\u00e7\u00e3o pela primeira vez no Corinthians","link":"https:\/\/www.futebolinterior.com.br\/sem-opcoes-jair-ventura-deve-repetir-escalacao-pela-primeira-vez-no-corinthians\/","chapeu":"FINALMENTE","data":"23\/10\/2018","imagem":"https:\/\/images.futebolinterior.com.br\/2021\/04\/0002050349768_img-300x169.jpg","resumo":"O t\u00e9cnico Jair Ventura deve repetir pela primeira vez a escala\u00e7\u00e3o do Corinthians no duelo com o Bahia no pr\u00f3ximo s\u00e1bado, em casa, pela 31\u00aa rodada do Campeonato Brasileiro"},"360983":{"titulo":"Com queda de rendimento do S\u00e3o Paulo, torcedor desanima e 'esvazia' Morumbi","link":"https:\/\/www.futebolinterior.com.br\/com-queda-de-rendimento-do-sao-paulo-torcedor-desanima-e-esvazia-morumbi\/","chapeu":"POR FORA","data":"23\/10\/2018","imagem":"https:\/\/images.futebolinterior.com.br\/2021\/04\/0002050349767_img-300x193.jpg","resumo":"A lua de mel do S\u00e3o Paulo com seu torcedor, definitivamente, chegou ao fim"},"360985":{"titulo":"Desfalcado e preocupado, Gr\u00eamio encara River na Argentina de olho em final","link":"https:\/\/www.futebolinterior.com.br\/desfalcado-e-preocupado-gremio-encara-river-na-argentina-de-olho-em-final\/","chapeu":"PRA CIMA","data":"23\/10\/2018","imagem":"https:\/\/images.futebolinterior.com.br\/2021\/04\/0002050349766_img-300x200.jpg","resumo":"O time do Gr\u00eamio vai entrar em campo nesta ter\u00e7a-feira, \u00e0s 21h45, com muitas preocupa\u00e7\u00f5es"},"360988":{"titulo":"Gabriel exalta boa fase no Santos e comemora empate: 'Foi m\u00e9rito nosso'","link":"https:\/\/www.futebolinterior.com.br\/gabriel-exalta-boa-fase-no-santos-e-comemora-empate-foi-merito-nosso\/","chapeu":"VALEU!","data":"22\/10\/2018","imagem":"https:\/\/images.futebolinterior.com.br\/2021\/04\/0002050349752_img-300x192.jpg","resumo":"O Peixe estava atr\u00e1s duas vezes, mas acabou arrancando o 2 a 2 no Beira-Rio"},"360990":{"titulo":"Patrick lamenta trope\u00e7o do Inter em casa, mas avisa: 'N\u00e3o tem nada perdido'","link":"https:\/\/www.futebolinterior.com.br\/patrick-lamenta-tropeco-do-inter-em-casa-mas-avisa-nao-tem-nada-perdido\/","chapeu":"VAI QUE VAI!","data":"22\/10\/2018","imagem":"https:\/\/images.futebolinterior.com.br\/2021\/04\/0002050349751_img-300x193.jpg","resumo":"Na noite desta segunda-feira, o Colorado ficou no 2 a 2 diante do Santos"},"360999":{"titulo":"CLASSIFICA\u00c7\u00c3O do Brasileir\u00e3o ap\u00f3s empate entre Internacional e Santos na 30.\u00aa rodada","link":"https:\/\/www.futebolinterior.com.br\/classificacao-do-brasileirao-apos-empate-entre-internacional-e-santos-na-30-a-rodada\/","chapeu":"OLHE COMO FICOU","data":"22\/10\/2018","imagem":"https:\/\/images.futebolinterior.com.br\/2021\/04\/0002050349713_img-300x141.jpg","resumo":"O Internacional segue na briga pela vice-lideran\u00e7a com o Flamengo, que corre atr\u00e1s do l\u00edder Palmeiras. Confira tudo!"},"361093":{"titulo":"Com artilheiro e aniversariante palmeirense, Sele\u00e7\u00e3o FI do Brasileir\u00e3o vem no 4-3-3","link":"https:\/\/www.futebolinterior.com.br\/com-artilheiro-e-aniversariante-palmeirense-selecao-fi-do-brasileirao-vem-no-4-3-3\/","chapeu":"OS MELHORES","data":"22\/10\/2018","imagem":"https:\/\/images.futebolinterior.com.br\/2021\/04\/0002050349714_img-300x200.jpg","resumo":"Al\u00e9m disso, 'S\u00e3o F\u00e1bio' ser\u00e1 o guardi\u00e3o da meta desse grande time, que ser\u00e1 comandando por Dorival J\u00fanior, que rocolou o Fla na briga"},"361002":{"titulo":"Internacional 2 x 2 Santos - Colorado perde a chance de colar no Palmeiras","link":"https:\/\/www.futebolinterior.com.br\/internacional-2-x-2-santos-colorado-perde-a-chance-de-colar-no-palmeiras\/","chapeu":"VERD\u00c3O AGRADECE","data":"22\/10\/2018","imagem":0,"resumo":"O time da casa ficou na frente duas vezes com gols de Leandro Dami\u00e3o, mas n\u00e3o segurou a vit\u00f3ria"},"361021":{"titulo":"Agente de Pedrinho ataca Neto com acusa\u00e7\u00e3o de ass\u00e9dio e ofensas: 'gordo r\u00eddiculo'","link":"https:\/\/www.futebolinterior.com.br\/agente-de-pedrinho-ataca-neto-com-acusacao-de-assedio-e-ofensas-gordo-ridiculo\/","chapeu":"ESQUENTOU","data":"22\/10\/2018","imagem":0,"resumo":"Will Dantas, respons\u00e1vel por gerenciar a carreira da joia corintiana, ainda acusou o ex-jogador de ass\u00e9dio a uma menor de idada"},"361023":{"titulo":"Pimp\u00e3o admite inc\u00f4modo por sal\u00e1rios atrasados no Botafogo: 'Contas n\u00e3o esperam'","link":"https:\/\/www.futebolinterior.com.br\/pimpao-admite-incomodo-por-salarios-atrasados-no-botafogo-contas-nao-esperam\/","chapeu":"ASSIM N\u00c3O D\u00c1","data":"22\/10\/2018","imagem":"https:\/\/images.futebolinterior.com.br\/2021\/04\/0002050349696_img-300x148.jpg","resumo":"Vencimentos dos \u00faltimos dois meses ainda n\u00e3o foram quitados, o que tem gerado desconforto entre os jogadores"}}