{"361025":{"titulo":"Libertadores: Luan treina na Argentina e pode refor\u00e7ar Gr\u00eamio contra o River Plate","link":"https:\/\/www.futebolinterior.com.br\/libertadores-luan-treina-na-argentina-e-pode-reforcar-gremio-contra-o-river-plate\/","chapeu":"OPA!","data":"22\/10\/2018","imagem":"https:\/\/images.futebolinterior.com.br\/2021\/04\/0002050349695_img-300x200.jpg","resumo":"O atleta treinou normalmente at\u00e9 a metade do trabalho recreativo, na atividade realizada no CT do Boca Juniors"},"361019":{"titulo":"Arrascaeta envia presente para Cavani e o quer como refor\u00e7o do Cruzeiro","link":"https:\/\/www.futebolinterior.com.br\/arrascaeta-envia-presente-para-cavani-e-o-quer-como-reforco-do-cruzeiro\/","chapeu":"J\u00c1 PENSOU?","data":"22\/10\/2018","imagem":"https:\/\/images.futebolinterior.com.br\/2021\/04\/0002050349694_img-300x169.jpg","resumo":"O craque do PSG parabenizou seu companheiro de Uruguai e todo elenco da Raposa pelo t\u00edtulo da Copa do Brasil"},"361305":{"titulo":"Candidato da oposi\u00e7\u00e3o do Palmeiras rebate fala de Galiotte e exalta Paulist\u00e3o","link":"https:\/\/www.futebolinterior.com.br\/candidato-da-oposicao-do-palmeiras-rebate-fala-de-galiotte-e-exalta-paulistao\/","chapeu":"DISCUSS\u00c3O","data":"22\/10\/2018","imagem":"https:\/\/images.futebolinterior.com.br\/2021\/04\/0002050349411_img-300x190.jpg","resumo":"\"Ao dizer que o Campeonato Paulista \u00e9 'pequeno', Maur\u00edcio Galiotte mostrou mais uma vez que n\u00e3o conhece a hist\u00f3ria do Palmeiras\""},"361066":{"titulo":"Corinthians tem parte de pr\u00eamio da Copa do Brasil penhorada para pagar d\u00edvida","link":"https:\/\/www.futebolinterior.com.br\/corinthians-tem-parte-de-premio-da-copa-do-brasil-penhorada-para-pagar-divida\/","chapeu":"QUE FASE!","data":"22\/10\/2018","imagem":"https:\/\/images.futebolinterior.com.br\/2021\/04\/0002050349680_img-300x170.jpg","resumo":"A medida em primeira inst\u00e2ncia foi determinada pelo juiz Luis Fernando Nardelli, da 3\u00aa Vara C\u00edvel"},"361034":{"titulo":"Henrique admite Cruzeiro 'leve', mas refor\u00e7a foco na reta final do Brasileir\u00e3o","link":"https:\/\/www.futebolinterior.com.br\/henrique-admite-cruzeiro-leve-mas-reforca-foco-na-reta-final-do-brasileirao\/","chapeu":"J\u00c1 T\u00c1 BOM","data":"22\/10\/2018","imagem":"https:\/\/images.futebolinterior.com.br\/2021\/04\/0002050349677_img-300x200.jpg","resumo":"A Raposa deu prova desta busca por melhores resultados no Brasileir\u00e3o ao atropelar a Chapecoense no \u00faltimo domingo, por 3 a 0"},"361040":{"titulo":"A pedido de Claudinei Oliveira, Chapecoense reintegra Wellington Paulista","link":"https:\/\/www.futebolinterior.com.br\/a-pedido-de-claudinei-oliveira-chapecoense-reintegra-wellington-paulista\/","chapeu":"VOLTAMOS!","data":"22\/10\/2018","imagem":"https:\/\/images.futebolinterior.com.br\/2021\/04\/0002050349667_img-300x199.png","resumo":"O jogador vinha atuando pela equipe no Campeonato Brasileiro de Aspirantes"},"361056":{"titulo":"CBF aprova cart\u00f5es a palmeirenses, mas \u00e1rbitro se enrola em s\u00famula, veja!","link":"https:\/\/www.futebolinterior.com.br\/cbf-aprova-cartoes-a-palmeirenses-mas-arbitro-se-enrola-em-sumula-veja\/","chapeu":"QUE BELEZA!","data":"22\/10\/2018","imagem":"https:\/\/images.futebolinterior.com.br\/2021\/04\/0002050349651_img-300x225.jpg","resumo":"Marinho isentou Andr\u00e9 Luiz Freitas Castro e prev\u00ea puni\u00e7\u00e3o a Mattos e Felip\u00e3o"},"361074":{"titulo":"Cast\u00e1n v\u00ea Vasco com 'medo de perder' e lamenta fase: 'Estamos inconformados'","link":"https:\/\/www.futebolinterior.com.br\/castan-ve-vasco-com-medo-de-perder-e-lamenta-fase-estamos-inconformados\/","chapeu":"OSSO","data":"22\/10\/2018","imagem":"https:\/\/images.futebolinterior.com.br\/2021\/04\/0002050349647_img-300x202.jpg","resumo":"Derrota para o Sport na Ilha do Retiro impediu que time cruzmaltino se distanciasse da zona de rebaixamento"},"361080":{"titulo":"J\u00falio C\u00e9sar v\u00ea Flu embalado para Sul-Americana ap\u00f3s triunfo sobre Atl\u00e9tico-MG","link":"https:\/\/www.futebolinterior.com.br\/julio-cesar-ve-flu-embalado-para-sul-americana-apos-triunfo-sobre-atletico-mg\/","chapeu":"BORA!","data":"22\/10\/2018","imagem":"https:\/\/images.futebolinterior.com.br\/2021\/04\/0002050349646_img-300x200.jpg","resumo":"Mais distante do rebaixamento, time tem no torneio continental a grande aposta deste segundo semestre"},"361101":{"titulo":"C\u00e9sar se esquiva de pol\u00eamica sobre Diego Alves: 'A diretoria est\u00e1 vendo'","link":"https:\/\/www.futebolinterior.com.br\/cesar-se-esquiva-de-polemica-sobre-diego-alves-a-diretoria-esta-vendo\/","chapeu":"SEI DE NADA","data":"22\/10\/2018","imagem":"https:\/\/images.futebolinterior.com.br\/2021\/04\/0002050349640_img-300x200.jpg","resumo":"Companheiro se recusou a ficar no banco diante do Paran\u00e1, na goleada por 4 a 0 do \u00faltimo domingo"}}