{"360894":{"titulo":"Botafogo pede medidas definitivas da CBF e faz representa\u00e7\u00e3o contra arbitragem","link":"https:\/\/www.futebolinterior.com.br\/botafogo-pede-medidas-definitivas-da-cbf-e-faz-representacao-contra-arbitragem\/","chapeu":"INCONFORMADOS!","data":"23\/10\/2018","imagem":"https:\/\/images.futebolinterior.com.br\/2021\/04\/0002050349830_img-300x201.jpg","resumo":"a diretoria do Botafogo manifestou o seu inconformismo com a atua\u00e7\u00e3o dos \u00e1rbitros, liderados por Anderson Daronco, no jogo contra o Bahia, s\u00e1bado, pela 30\u00aa rodada do Brasileir\u00e3o"},"360922":{"titulo":"Santos treina em Porto Alegre e Dod\u00f4 j\u00e1 projeta 'confronto direto' com o Flu","link":"https:\/\/www.futebolinterior.com.br\/santos-treina-em-porto-alegre-e-dodo-ja-projeta-confronto-direto-com-o-flu\/","chapeu":"PRA CIMA","data":"23\/10\/2018","imagem":"https:\/\/images.futebolinterior.com.br\/2021\/04\/0002050349812_img-300x200.jpg","resumo":"Menos de 24 horas depois do empate por 2 a 2 diante do Internacional, no Beira-Rio, o Santos j\u00e1 trabalhou nesta ter\u00e7a-feira visando a pr\u00f3xima partida do Campeonato Brasileiro"},"360924":{"titulo":"S\u00e3o Paulo anuncia renova\u00e7\u00e3o contratual do jovem Luan at\u00e9 2022","link":"https:\/\/www.futebolinterior.com.br\/sao-paulo-anuncia-renovacao-contratual-do-jovem-luan-ate-2022\/","chapeu":"VAI FICAR","data":"23\/10\/2018","imagem":"https:\/\/images.futebolinterior.com.br\/2021\/04\/0002050349811_img-300x193.jpg","resumo":"O S\u00e3o Paulo anunciou nesta ter\u00e7a-feira a renova\u00e7\u00e3o do contrato do volante Luan, de 19 anos, por mais tr\u00eas anos"},"360973":{"titulo":"Presidente do Internacional levanta suspeita de interfer\u00eancia externa","link":"https:\/\/www.futebolinterior.com.br\/presidente-do-internacional-levanta-suspeita-de-interferencia-externa\/","chapeu":"SER\u00c1?","data":"23\/10\/2018","imagem":"https:\/\/images.futebolinterior.com.br\/2021\/04\/0002050349805_img-300x200.jpg","resumo":"O \u00e1rbitro Ricardo Marques Ribeiro relata ter sido chamado de \"safado\" pelo diretor de futebol do Internacional, Rodrigo Caetano, na s\u00famula da partida entre o time ga\u00facho e o Santos"},"360935":{"titulo":"Em meio a pol\u00eamica, \u00e1rbitro bate boca com torcedor do Inter no aeroporto","link":"https:\/\/www.futebolinterior.com.br\/em-meio-a-polemica-arbitro-bate-boca-com-torcedor-do-inter-no-aeroporto\/","chapeu":"N\u00c3O PARA","data":"23\/10\/2018","imagem":0,"resumo":"Ricardo Marques Ribeiro aparentemente quer entrar para a hist\u00f3ria da arbitragem brasileira"},"360959":{"titulo":"Vice-l\u00edder do returno, Santos projeta '8 decis\u00f5es' em reta final do Brasileir\u00e3o","link":"https:\/\/www.futebolinterior.com.br\/vice-lider-do-returno-santos-projeta-8-decisoes-em-reta-final-do-brasileirao\/","chapeu":"RETA FINAL","data":"23\/10\/2018","imagem":"https:\/\/images.futebolinterior.com.br\/2021\/04\/0002050349801_img-300x200.jpg","resumo":"Com 43 pontos, a equipe paulista ocupa o s\u00e9timo lugar da tabela e est\u00e1 apenas tr\u00eas atr\u00e1s do Atl\u00e9tico-MG, que hoje fecha G6"},"360947":{"titulo":"Atacante quer vit\u00f3ria do Atl\u00e9tico-MG sobre o Cear\u00e1 e alerta sobre dificuldades","link":"https:\/\/www.futebolinterior.com.br\/atacante-quer-vitoria-do-atletico-mg-sobre-o-ceara-e-alerta-sobre-dificuldades\/","chapeu":"PARA VENCER","data":"23\/10\/2018","imagem":"https:\/\/images.futebolinterior.com.br\/2021\/04\/0002050349794_img-300x200.jpg","resumo":"Den\u00edlson espera classifica\u00e7\u00e3o do Galo para a Libertadores da pr\u00f3xima temporada"},"360953":{"titulo":"Meia quer grande jogo do Am\u00e9rica-MG contra a Chape em decis\u00e3o para as duas equipes","link":"https:\/\/www.futebolinterior.com.br\/meia-quer-grande-jogo-do-america-mg-contra-a-chape-em-decisao-para-as-duas-equipes\/","chapeu":"PROMETE","data":"23\/10\/2018","imagem":"https:\/\/images.futebolinterior.com.br\/2021\/04\/0002050349791_img-300x200.jpg","resumo":"Wesley espera uma grande apresenta\u00e7\u00e3o da Chape diante dos catarinenses"},"360957":{"titulo":"Vasco deve contratar jogador tocantinense que j\u00e1 jogou no Barcelona","link":"https:\/\/www.futebolinterior.com.br\/vasco-deve-contratar-jogador-tocantinense-que-ja-jogou-no-barcelona\/","chapeu":"JOGA MUITO","data":"23\/10\/2018","imagem":"https:\/\/images.futebolinterior.com.br\/2021\/04\/0002050349786_img-300x200.jpg","resumo":"Trata-se do meia Werick Caetano, de 19 anos, que j\u00e1 est\u00e1 treinando com o Sub 20 da equipe carioca h\u00e1 duas semanas"},"360966":{"titulo":"\u00c1rbitro perde a cabe\u00e7a e discute com dirigente do Inter no vesti\u00e1rio","link":"https:\/\/www.futebolinterior.com.br\/arbitro-perde-a-cabeca-e-discute-com-dirigente-do-inter-no-vestiario\/","chapeu":"VEJA!","data":"23\/10\/2018","imagem":0,"resumo":"A arbitragem voltou a ser protagonista no Campeonato Brasileiro"}}