{"360814":{"titulo":"Leonardo Silva exalta in\u00edcio de trabalho de Levir no Atl\u00e9tico-MG","link":"https:\/\/www.futebolinterior.com.br\/leonardo-silva-exalta-inicio-de-trabalho-de-levir-no-atletico-mg\/","chapeu":"LIGADO","data":"23\/10\/2018","imagem":"https:\/\/images.futebolinterior.com.br\/2021\/04\/0002050349896_img-300x198.jpg","resumo":"Treinador ter\u00e1 agora sua primeira semana de trabalho antes do duelo diante do Cear\u00e1, segunda-feira que vem"},"360810":{"titulo":"Patrick volta a reclamar de \u00e1rbitro e se diz na torcida contra os rivais do Inter","link":"https:\/\/www.futebolinterior.com.br\/patrick-volta-a-reclamar-de-arbitro-e-se-diz-na-torcida-contra-os-rivais-do-inter\/","chapeu":"MAIS UM","data":"23\/10\/2018","imagem":"https:\/\/images.futebolinterior.com.br\/2021\/04\/0002050349895_img-300x193.jpg","resumo":"Ricardo Marques Ribeiro foi bastante criticado pela sua atua\u00e7\u00e3o no empate colorado contra o Santos"},"360812":{"titulo":"S\u00e3o Paulo treina longe dos holofotes para reagir no Campeonato Brasileiro","link":"https:\/\/www.futebolinterior.com.br\/sao-paulo-treina-longe-dos-holofotes-para-reagir-no-campeonato-brasileiro\/","chapeu":"TODO CUIDADO","data":"23\/10\/2018","imagem":"https:\/\/images.futebolinterior.com.br\/2021\/04\/0002050349893_img-300x193.jpg","resumo":"T\u00e9cnico Diego Aguirre n\u00e3o indicou se o camisa 10 Nen\u00ea poder\u00e1 retornar \u00e0 equipe"},"360819":{"titulo":"Cear\u00e1 deve ter apenas uma mudan\u00e7as para encarar o Cruzeiro","link":"https:\/\/www.futebolinterior.com.br\/ceara-deve-ter-apenas-uma-mudancas-para-encarar-o-cruzeiro\/","chapeu":"PRONTO","data":"23\/10\/2018","imagem":"https:\/\/images.futebolinterior.com.br\/2021\/04\/0002050349890_img-300x200.jpg","resumo":"Com Samuel Xavier suspenso, o polivalente Fabinho fica com a vaga na lateral"},"360829":{"titulo":"Em queda na tabela, Atl\u00e9tico-MG est\u00e1 com sal\u00e1rios atrasados","link":"https:\/\/www.futebolinterior.com.br\/em-queda-na-tabela-atletico-mg-esta-com-salarios-atrasados\/","chapeu":"QUE FASE","data":"23\/10\/2018","imagem":"https:\/\/images.futebolinterior.com.br\/2021\/04\/0002050349878_img-300x198.jpg","resumo":"A diretoria alvinegra busca recursos para quitar os vencimentos do m\u00eas de setembro"},"360840":{"titulo":"Lucas Paquet\u00e1 desmente boato sobre caso com mulher de Diego Alves","link":"https:\/\/www.futebolinterior.com.br\/lucas-paqueta-desmente-boato-sobre-caso-com-mulher-de-diego-alves\/","chapeu":"PARA VAI!","data":"23\/10\/2018","imagem":"https:\/\/images.futebolinterior.com.br\/2021\/04\/0002050349877_img-300x291.jpg","resumo":"Relato que circula nas redes sociais coloca meia como piv\u00f4 do afastamento do goleiro no Flamengo"},"360838":{"titulo":"S\u00e9rie B: Abner considera vit\u00f3ria contra Paysandu essencial para as metas do Coritiba","link":"https:\/\/www.futebolinterior.com.br\/serie-b-abner-considera-vitoria-contra-paysandu-essencial-para-as-metas-do-coritiba\/","chapeu":"\u00c9 AGORA!","data":"23\/10\/2018","imagem":"https:\/\/images.futebolinterior.com.br\/2021\/04\/0002050349874_img-300x225.jpg","resumo":"O Coxa est\u00e1 longe do G4 e precisa arrancar nesta reta final para carimbar o acesso"},"360849":{"titulo":"Ramon admite boa fase do Inter, mas confia em vit\u00f3ria do Vasco em S\u00e3o Janu\u00e1rio","link":"https:\/\/www.futebolinterior.com.br\/ramon-admite-boa-fase-do-inter-mas-confia-em-vitoria-do-vasco-em-sao-januario\/","chapeu":"VAI PRA CIMA!","data":"23\/10\/2018","imagem":"https:\/\/images.futebolinterior.com.br\/2021\/04\/0002050349871_img-300x203.jpg","resumo":"Para o jogador, a equipe cruzmaltina tem qualidade para surpreender o Inter em casa"},"360859":{"titulo":"'N\u00e3o sou salvador da p\u00e1tria', diz Wellington Paulista ap\u00f3s ser reintegrado na Chape","link":"https:\/\/www.futebolinterior.com.br\/nao-sou-salvador-da-patria-diz-wellington-paulista-apos-ser-reintegrado-na-chape\/","chapeu":"RESPONSA","data":"23\/10\/2018","imagem":"https:\/\/images.futebolinterior.com.br\/2021\/04\/0002050349867_img-300x294.jpg","resumo":"Atacante voltou a treina com o elenco principal ap\u00f3s pedido do treinador Claudinei Oliveira"},"360870":{"titulo":"Ap\u00f3s torcida pressionar, S\u00e3o Paulo estuda trocar Aguirre por Rog\u00e9rio Ceni","link":"https:\/\/www.futebolinterior.com.br\/apos-torcida-pressionar-sao-paulo-estuda-trocar-aguirre-por-rogerio-ceni\/","chapeu":"VOLTANDO?","data":"23\/10\/2018","imagem":"https:\/\/images.futebolinterior.com.br\/2021\/04\/0002050349853_img-300x194.jpg","resumo":"O treinador vem fazendo um brilhante trabalho no time cearense e pode retornar ao time do Morumbi"}}