{"359821":{"titulo":"Narrador do Premiere diz que vai a um cardiologista para saber de mal estar ao vivo","link":"https:\/\/www.futebolinterior.com.br\/narrador-do-premiere-diz-que-vai-a-um-cardiologista-para-saber-de-mal-estar-ao-vivo\/","chapeu":"BEM, OBRIGADO!","data":"28\/10\/2018","imagem":"https:\/\/images.futebolinterior.com.br\/2021\/04\/0002050351086_img.png","resumo":"Luiz Alano se sentiu mal e pediu \u00e0 produ\u00e7\u00e3o para ser substitu\u00eddo no meio da transmiss\u00e3o de Gr\u00eamio 3 x 4 Sport"},"359829":{"titulo":"Presidente eleito do Brasil torce para dois grandes clubes. Sabe quais s\u00e3o ?","link":"https:\/\/www.futebolinterior.com.br\/presidente-eleito-do-brasil-torce-para-dois-grandes-clubes-sabe-quais-sao\/","chapeu":"PRESIDA TORCE","data":"28\/10\/2018","imagem":"https:\/\/images.futebolinterior.com.br\/2021\/04\/0002050351052_img-300x130.jpg","resumo":"Eleito para governar o Brasil, Jair Bolsonaro nasceu em Campinas, mas n\u00e3o torce nem para Guarani, nem Ponte Preta"},"359841":{"titulo":"Palmeiras empata 'decis\u00e3o' no Maracan\u00e3 e fica mais perto do t\u00edtulo brasileiro de 2018","link":"https:\/\/www.futebolinterior.com.br\/palmeiras-empata-decisao-no-maracana-e-fica-mais-perto-do-titulo-brasileiro-de-2018\/","chapeu":"OPINI\u00c3O","data":"28\/10\/2018","imagem":"https:\/\/images.futebolinterior.com.br\/2021\/04\/0002050351046_img-300x200.jpg","resumo":"A diferen\u00e7a para o segundo colocado \u00e9 de 4 pontos e deu mais um passo importante rumo ao t\u00edtulo da temporada"},"359861":{"titulo":"Pedrinho comemora oportunidade na posi\u00e7\u00e3o que 'se sente melhor' no Corinthians","link":"https:\/\/www.futebolinterior.com.br\/pedrinho-comemora-oportunidade-na-posicao-que-se-sente-melhor-no-corinthians\/","chapeu":"S\u00d3 ALEGRIA","data":"28\/10\/2018","imagem":"https:\/\/images.futebolinterior.com.br\/2021\/04\/0002050351036_img-300x200.jpg","resumo":"O prata da casa foi escolhido para desempenhar a fun\u00e7\u00e3o de Jadson na vit\u00f3ria sobre o Bahia"},"359857":{"titulo":"Cear\u00e1 aposta na torcida para se distanciar da zona de rebaixamento","link":"https:\/\/www.futebolinterior.com.br\/ceara-aposta-na-torcida-para-se-distanciar-da-zona-de-rebaixamento\/","chapeu":"VEM COM TUDO","data":"28\/10\/2018","imagem":"https:\/\/images.futebolinterior.com.br\/2021\/04\/0002050351035_img-300x200.jpg","resumo":"Mais de dez mil ingressos haviam sido vendidos de forma antecipada at\u00e9 sexta-feira"},"359869":{"titulo":"Santos ganha confian\u00e7a e aposta em vaga na Libertadores antes de cl\u00e1ssico","link":"https:\/\/www.futebolinterior.com.br\/santos-ganha-confianca-e-aposta-em-vaga-na-libertadores-antes-de-classico\/","chapeu":"COM TUDO","data":"28\/10\/2018","imagem":"https:\/\/images.futebolinterior.com.br\/2021\/04\/0002050351027_img-300x200.jpg","resumo":"No pr\u00f3ximo s\u00e1bado, o momento favor\u00e1vel da equipe santista enfrentar\u00e1 seu maior desafio: o cl\u00e1ssico com o l\u00edder do Brasileir\u00e3o"},"359896":{"titulo":"Atl\u00e9tico-PR usa terceira camisa pol\u00eamica e \u00e9 alvo de cr\u00edticas nas redes sociais","link":"https:\/\/www.futebolinterior.com.br\/atletico-pr-usa-terceira-camisa-polemica-e-e-alvo-de-criticas-nas-redes-sociais\/","chapeu":"POL\u00caMICO!","data":"28\/10\/2018","imagem":"https:\/\/images.futebolinterior.com.br\/2021\/04\/0002050351012_img-300x190.jpg","resumo":"O Atl\u00e9tico-PR usou pela primeira vez a criticada terceira camisa amarela com tons de vermelho na vit\u00f3ria sobre o Botafogo"},"359912":{"titulo":"Emissoras investem em transmiss\u00f5es de eventos esportivos pela internet","link":"https:\/\/www.futebolinterior.com.br\/emissoras-investem-em-transmissoes-de-eventos-esportivos-pela-internet\/","chapeu":"MODERNIDADE","data":"28\/10\/2018","imagem":"https:\/\/images.futebolinterior.com.br\/2021\/04\/0002050351009_img-300x189.jpg","resumo":"Oportunidade de assistir eventos esportivos em qualquer lugar, no tablet ou no celular, \u00e9 o principal motivo do crescimento de mercado"},"359898":{"titulo":"Mano Menezes v\u00ea Fred pronto para ajudar o Cruzeiro ap\u00f3s grave les\u00e3o","link":"https:\/\/www.futebolinterior.com.br\/mano-menezes-ve-fred-pronto-para-ajudar-o-cruzeiro-apos-grave-lesao\/","chapeu":"DE VOLTA","data":"28\/10\/2018","imagem":"https:\/\/images.futebolinterior.com.br\/2021\/04\/0002050351007_img-300x200.jpg","resumo":"O atacante voltou a marcar em seu segundo jogo como titular desde mar\u00e7o, e contribuiu para a vit\u00f3ra sobre o Paran\u00e1"},"359904":{"titulo":"Renato pede que derrota sirva de li\u00e7\u00e3o ao Gr\u00eamio para encarar o River","link":"https:\/\/www.futebolinterior.com.br\/renato-pede-que-derrota-sirva-de-licao-ao-gremio-para-encarar-o-river\/","chapeu":"APRENDENDO","data":"28\/10\/2018","imagem":"https:\/\/images.futebolinterior.com.br\/2021\/04\/0002050351006_img-300x169.jpg","resumo":"O Tricolor Ga\u00facho recebe a equipe argentina pela partida de volta das semifinais da Libertadores depois de vencer na ida por 1 a 0"}}