{"359441":{"titulo":"Bruno Alves aposta em uma sequ\u00eancia vitoriosa do S\u00e3o Paulo no Brasileir\u00e3o","link":"https:\/\/www.futebolinterior.com.br\/bruno-alves-aposta-em-uma-sequencia-vitoriosa-do-sao-paulo-no-brasileirao\/","chapeu":"SER\u00c1?","data":"30\/10\/2018","imagem":"https:\/\/images.futebolinterior.com.br\/2021\/04\/0002050351475_img-300x169.jpg","resumo":"Com 56 pontos, o S\u00e3o Paulo ocupa a quarta coloca\u00e7\u00e3o na competi\u00e7\u00e3o"},"359451":{"titulo":"Vel\u00f3rio de Daniel, ex-meia de Ponte e S\u00e3o Paulo, acontecer\u00e1 nesta quarta-feira","link":"https:\/\/www.futebolinterior.com.br\/velorio-de-daniel-ex-meia-de-ponte-e-sao-paulo-acontecera-nesta-quarta-feira\/","chapeu":"LUTO!","data":"30\/10\/2018","imagem":"https:\/\/images.futebolinterior.com.br\/2021\/04\/0002050351471_img-300x200.jpg","resumo":"O jogador foi encontrado morto, com sinais de tortura, no \u00faltimo s\u00e1bado; Asssassino ainda n\u00e3o foi encontrado"},"359453":{"titulo":"Chapecoense tem refor\u00e7os de volantes experientes para jogo contra o Bahia","link":"https:\/\/www.futebolinterior.com.br\/chapecoense-tem-reforcos-de-volantes-experientes-para-jogo-contra-o-bahia\/","chapeu":"A\u00cd SIM","data":"30\/10\/2018","imagem":"https:\/\/images.futebolinterior.com.br\/2021\/04\/0002050351470_img-300x198.jpg","resumo":"Elicarlos e M\u00e1rcio Ara\u00fajo eram titulares absolutos antes das suas contus\u00f5es"},"359472":{"titulo":"Luiz Gustavo quer que Vasco aproveite desgaste do Fluminense para vencer cl\u00e1ssico","link":"https:\/\/www.futebolinterior.com.br\/luiz-gustavo-quer-que-vasco-aproveite-desgaste-do-fluminense-para-vencer-classico\/","chapeu":"CL\u00c1SSICO NO RIO","data":"30\/10\/2018","imagem":"https:\/\/images.futebolinterior.com.br\/2021\/04\/0002050351449_img-300x201.jpg","resumo":"o Vasco encara o cl\u00e1ssico contra o Fluminense, neste s\u00e1bado, no est\u00e1dio do Maracan\u00e3, no Rio de Janeiro, pela 32.\u00aa rodada, como decisivo"},"359469":{"titulo":"Jadson fica fora de treino com bola do Corinthians, mas corre no campo","link":"https:\/\/www.futebolinterior.com.br\/jadson-fica-fora-de-treino-com-bola-do-corinthians-mas-corre-no-campo\/","chapeu":"VOLTANDO!","data":"30\/10\/2018","imagem":"https:\/\/images.futebolinterior.com.br\/2021\/04\/0002050351447_img-300x146.jpg","resumo":"O meia Jadson realizou nesta ter\u00e7a-feira um trabalho na academia e depois correu em volta do gramado. A expectativa \u00e9 que ele volte a treinar com o restante do elenco nesta quarta"},"359475":{"titulo":"Fred diz considerar uma 'decis\u00e3o' cada jogo do Cruzeiro no Brasileiro","link":"https:\/\/www.futebolinterior.com.br\/fred-diz-considerar-uma-decisao-cada-jogo-do-cruzeiro-no-brasileiro\/","chapeu":"SERIEDADE!","data":"30\/10\/2018","imagem":"https:\/\/images.futebolinterior.com.br\/2021\/04\/0002050351439_img-300x169.jpg","resumo":"\"Para mim, todo jogo vai ser uma final. Quero marcar muitos gols\", disse o atacante, que marcou em seu retorno aos gramados"},"359477":{"titulo":"Artilheiro do Brasileir\u00e3o, Gabriel aproveita 'momento iluminado' e elogia Cuca","link":"https:\/\/www.futebolinterior.com.br\/artilheiro-do-brasileirao-gabriel-aproveita-momento-iluminado-e-elogia-cuca\/","chapeu":"\u00d3TIMA FASE!","data":"30\/10\/2018","imagem":"https:\/\/images.futebolinterior.com.br\/2021\/04\/0002050351442_img-300x194.jpg","resumo":"Artilheiro do Campeonato Brasileiro, com 16 gols, o atacante Gabriel festejou o \"momento iluminado\" e elogiou o trabalho do t\u00e9cnico Cuca"},"359496":{"titulo":"Fred freia interesse do Fluminense e garante perman\u00eancia no Cruzeiro","link":"https:\/\/www.futebolinterior.com.br\/fred-freia-interesse-do-fluminense-e-garante-permanencia-no-cruzeiro\/","chapeu":"CALMA L\u00c1!","data":"30\/10\/2018","imagem":"https:\/\/images.futebolinterior.com.br\/2021\/04\/0002050351398_img-300x200.jpg","resumo":"O time carioca est\u00e1 a procura de um camisa 9 para ocupar uma poss\u00edvel sa\u00edda de Pedro"},"359509":{"titulo":"Everton e Helinho avan\u00e7am em recupera\u00e7\u00e3o e trabalham em campo no CT do S\u00e3o Paulo","link":"https:\/\/www.futebolinterior.com.br\/everton-e-helinho-avancam-em-recuperacao-e-trabalham-em-campo-no-ct-do-sao-paulo\/","chapeu":"RECUPERA\u00c7\u00d5ES!","data":"30\/10\/2018","imagem":"https:\/\/images.futebolinterior.com.br\/2021\/04\/0002050351391_img-300x193.jpg","resumo":"Everton, em tratamento de um estiramento muscular na coxa, e Helinho, recuperado de um entorse no tornozelo esquerdo, avan\u00e7aram no processo de transi\u00e7\u00e3o e trabalharam em campo"},"359516":{"titulo":"Com Cidade Tricolor em obras, Bahia projeta sa\u00edda do Fazend\u00e3o","link":"https:\/\/www.futebolinterior.com.br\/com-cidade-tricolor-em-obras-bahia-projeta-saida-do-fazendao\/","chapeu":"MUDAN\u00c7A!","data":"30\/10\/2018","imagem":"https:\/\/images.futebolinterior.com.br\/2021\/04\/0002050351387_img-300x200.jpg","resumo":"O clube retomou o terreno na Justi\u00e7a e iniciou as obras para ocup\u00e1-lo em 2019"}}