{"359274":{"titulo":"Pottker e Dami\u00e3o voltam aos treinos e podem refor\u00e7ar o Internacional no domingo","link":"https:\/\/www.futebolinterior.com.br\/pottker-e-damiao-voltam-aos-treinos-e-podem-reforcar-o-internacional-no-domingo\/","chapeu":"RECUPERANDO!","data":"31\/10\/2018","imagem":"https:\/\/images.futebolinterior.com.br\/2021\/04\/0002050351633_img-300x186.jpg","resumo":"Os atacante William Pottker e Leandro Dami\u00e3o, recuperados de problemas f\u00edsicos, trabalharam com os colegas e podem refor\u00e7ar a equipe do Internacional"},"359277":{"titulo":"Daniel, ex-meia de Ponte e Guarani, teria sido morto por ci\u00fames","link":"https:\/\/www.futebolinterior.com.br\/daniel-ex-meia-de-ponte-e-guarani-teria-sido-morto-por-ciumes\/","chapeu":"TRISTEZA","data":"31\/10\/2018","imagem":"https:\/\/images.futebolinterior.com.br\/2021\/04\/0002050351628_img-300x201.jpg","resumo":"Uma testemunha prestou depoimento nesta quarta-feira e revelou ter visto o jogador sendo espancado pelo suspeito"},"359288":{"titulo":"Reinaldo desfalca S\u00e3o Paulo pelo 3\u00ba dia seguido, mas deve jogar; Everton evolui","link":"https:\/\/www.futebolinterior.com.br\/reinaldo-desfalca-sao-paulo-pelo-3o-dia-seguido-mas-deve-jogar-everton-evolui\/","chapeu":"FORTE GRIPE!","data":"31\/10\/2018","imagem":"https:\/\/images.futebolinterior.com.br\/2021\/04\/0002050351622_img-300x193.jpg","resumo":"O lateral-esquerdo Reinaldo virou uma preocupa\u00e7\u00e3o de \u00faltima hora para o S\u00e3o Paulo. Nesta quarta-feira, ele n\u00e3o participou do treino com bola mais uma vez"},"359298":{"titulo":"Atacante do Am\u00e9rica-MG lamenta gol anulado e mira cl\u00e1ssico","link":"https:\/\/www.futebolinterior.com.br\/atacante-do-america-mg-lamenta-gol-anulado-e-mira-classico\/","chapeu":"QUASE...","data":"31\/10\/2018","imagem":"https:\/\/images.futebolinterior.com.br\/2021\/04\/0002050351609_img-300x169.jpg","resumo":"\u200bConfiante na recupera\u00e7\u00e3o do Am\u00e9rica-MG, Robinho lamentou o gol anulado e mira cl\u00e1ssico contra o Cruzeiro"},"359308":{"titulo":"Atacante do Cear\u00e1 divulga em rede social que ficar\u00e1 cerca de 20 dias fora","link":"https:\/\/www.futebolinterior.com.br\/atacante-do-ceara-divulga-em-rede-social-que-ficara-cerca-de-20-dias-fora\/","chapeu":"DESFALQUE!","data":"31\/10\/2018","imagem":"https:\/\/images.futebolinterior.com.br\/2021\/04\/0002050351605_img-300x200.jpg","resumo":"Juninho Quixad\u00e1 deixou o jogo contra o Corinthians lesionado e divulgou o tempo que desfalcar\u00e1 o time"},"359384":{"titulo":"Meia foca em cl\u00e1ssico do Am\u00e9rica-MG contra o Cruzeiro para fugir do Z4","link":"https:\/\/www.futebolinterior.com.br\/meia-foca-em-classico-do-america-mg-contra-o-cruzeiro-para-fugir-do-z4\/","chapeu":"DECISIVO","data":"31\/10\/2018","imagem":"https:\/\/images.futebolinterior.com.br\/2021\/04\/0002050351554_img-300x200.jpg","resumo":"Wesley destacou a necessidade do Coelho fazer um jogo de muita intensidade durante os noventa minutos"},"359386":{"titulo":"Volante espera Vit\u00f3ria ligado para buscar grande resultado diante do Paran\u00e1","link":"https:\/\/www.futebolinterior.com.br\/volante-espera-vitoria-ligado-para-buscar-grande-resultado-diante-do-parana\/","chapeu":"PARA VENCER","data":"31\/10\/2018","imagem":"https:\/\/images.futebolinterior.com.br\/2021\/04\/0002050351553_img-300x200.jpg","resumo":"Willian Farias, meio-campista rubro-negro quer jogo da vida do Le\u00e3o fora do Barrad\u00e3o"},"359400":{"titulo":"Formador de talentos na linha, S\u00e3o Paulo aproveita mal os goleiros da casa","link":"https:\/\/www.futebolinterior.com.br\/formador-de-talentos-na-linha-sao-paulo-aproveita-mal-os-goleiros-da-casa\/","chapeu":"VERDADE","data":"31\/10\/2018","imagem":"https:\/\/images.futebolinterior.com.br\/2021\/04\/0002050351546_img-300x166.jpg","resumo":"Lucas Perri, de 20 anos, \u00e9 a terceira op\u00e7\u00e3o e o \u00fanico criado na base, no atual momento tricolor"},"359398":{"titulo":"Danilo tem mais sete jogos para convencer a diretoria e renovar com o Corinthians","link":"https:\/\/www.futebolinterior.com.br\/danilo-tem-mais-sete-jogos-para-convencer-a-diretoria-e-renovar-com-o-corinthians\/","chapeu":"AGORA OU NUNCA","data":"31\/10\/2018","imagem":"https:\/\/images.futebolinterior.com.br\/2021\/04\/0002050351545_img-300x200.jpg","resumo":"O jogador de 39 anos aproveitou os dois gols marcados na vit\u00f3ria sobre o Bahia para dizer que pretende estender a carreira"},"359431":{"titulo":"Flagrado no doping, Diogo Vitor, do Santos, \u00e9 suspenso por dois anos","link":"https:\/\/www.futebolinterior.com.br\/flagrado-no-doping-diogo-vitor-do-santos-e-suspenso-por-dois-anos\/","chapeu":"MOIO!","data":"30\/10\/2018","imagem":"https:\/\/images.futebolinterior.com.br\/2021\/04\/0002050351507_img-300x200.jpg","resumo":"A diretoria do Peixe vai entrar com recurso nos tribunais para tentar reduzir a dura\u00e7\u00e3o da puni\u00e7\u00e3o"}}