{"359216":{"titulo":"Atl\u00e9tico-MG tra\u00e7a meta para pagar sal\u00e1rios atrasados","link":"https:\/\/www.futebolinterior.com.br\/atletico-mg-traca-meta-para-pagar-salarios-atrasados\/","chapeu":"PRONTO!","data":"31\/10\/2018","imagem":"https:\/\/images.futebolinterior.com.br\/2021\/04\/0002050351711_img-300x200.jpg","resumo":"A diretoria do Galo colocou um prazo para arcar com os vencimentos de setembro"},"359218":{"titulo":"Cear\u00e1 estabelece premia\u00e7\u00e3o por vaga na Sul-Americana e perman\u00eancia na S\u00e9rie A","link":"https:\/\/www.futebolinterior.com.br\/ceara-estabelece-premiacao-por-vaga-na-sul-americana-e-permanencia-na-serie-a\/","chapeu":"BICHO!","data":"31\/10\/2018","imagem":"https:\/\/images.futebolinterior.com.br\/2021\/04\/0002050351710_img-300x200.jpg","resumo":"A diretoria do clube cearense usa um incentivo a mais para garantir o clube na divis\u00e3o em 2019"},"359220":{"titulo":"Jejum de vit\u00f3rias como visitante incomoda elenco da Chapecoense","link":"https:\/\/www.futebolinterior.com.br\/jejum-de-vitorias-como-visitante-incomoda-elenco-da-chapecoense\/","chapeu":"T\u00c1 DIF\u00cdCIL","data":"31\/10\/2018","imagem":"https:\/\/images.futebolinterior.com.br\/2021\/04\/0002050351704_img-300x197.jpg","resumo":"O Verd\u00e3o do Oeste \u00e9 um dos \u00fanicos quatro times que ainda n\u00e3o venceram fora de casa no Brasileir\u00e3o"},"359225":{"titulo":"Pikachu se diz 'otimista' para cl\u00e1ssico e elogia mudan\u00e7a de esquema no Vasco","link":"https:\/\/www.futebolinterior.com.br\/pikachu-se-diz-otimista-para-classico-e-elogia-mudanca-de-esquema-no-vasco\/","chapeu":"CONFIANTE!","data":"31\/10\/2018","imagem":"https:\/\/images.futebolinterior.com.br\/2021\/04\/0002050351702_img-300x205.jpg","resumo":" Apesar do momento conturbado do Vasco, o lateral Yago Pikachu analisou nesta quarta-feira o confronto e se disse \"otimista\" sobre as chances de vit\u00f3ria sobre o Flu"},"359245":{"titulo":"Apresentado, Marques pede uni\u00e3o no Atl\u00e9tico-MG em 'momento de turbul\u00eancia'","link":"https:\/\/www.futebolinterior.com.br\/apresentado-marques-pede-uniao-no-atletico-mg-em-momento-de-turbulencia\/","chapeu":"CHEGOU!","data":"31\/10\/2018","imagem":"https:\/\/images.futebolinterior.com.br\/2021\/04\/0002050351680_img-300x200.jpg","resumo":" \u00cddolo do Atl\u00e9tico-MG, o ex-atacante Marques foi apresentado nesta quarta-feira como novo diretor de futebol do clube. Contratado para a vaga que era de Alexandre Gallo"},"359259":{"titulo":"Ainda sem Jadson, Jair Ventura esbo\u00e7a Corinthians com Danilo no time titular","link":"https:\/\/www.futebolinterior.com.br\/ainda-sem-jadson-jair-ventura-esboca-corinthians-com-danilo-no-time-titular\/","chapeu":"TREINO DE HOJE!","data":"31\/10\/2018","imagem":"https:\/\/images.futebolinterior.com.br\/2021\/04\/0002050351675_img-300x225.jpg","resumo":"O t\u00e9cnico Jair Ventura come\u00e7ou a dar algumas pistas nesta quarta-feira do Corinthians que deve entrar em campo para encarar o Botafogo neste domingo"},"359257":{"titulo":"S\u00e1nchez exalta protagonismo no Santos e admite 'motiva\u00e7\u00e3o especial' para cl\u00e1ssico","link":"https:\/\/www.futebolinterior.com.br\/sanchez-exalta-protagonismo-no-santos-e-admite-motivacao-especial-para-classico\/","chapeu":"SANGUE NO OLHO","data":"31\/10\/2018","imagem":"https:\/\/images.futebolinterior.com.br\/2021\/04\/0002050351674_img-300x200.jpg","resumo":"O jogador afirmou que gosta de atuar como armador, mas que pode jogar tamb\u00e9m mais recuado de acordo com as prefer\u00eancias do t\u00e9cnico Cuca"},"359579":{"titulo":"\u200bR\u00e1dio FI divulga escala de transmiss\u00e3o com decis\u00f5es da Libertadores e S\u00e9rie B","link":"https:\/\/www.futebolinterior.com.br\/%e2%80%8bradio-fi-divulga-escala-de-transmissao-com-decisoes-da-libertadores-e-serie-b\/","chapeu":"IMPERD\u00cdVEL!","data":"31\/10\/2018","imagem":"https:\/\/images.futebolinterior.com.br\/2021\/04\/0002050351330_img-300x183.jpg","resumo":"Al\u00e9m de encontrar a melhor webr\u00e1dio do Brasil no APP ou pela internet, tamb\u00e9m \u00e9 poss\u00edvel acompanh\u00e1-la pelas Redes Sociais"},"359253":{"titulo":"Bolsonaro j\u00e1 foi t\u00e9cnico de futebol e tem nome em homenagem a jogador do Palmeiras","link":"https:\/\/www.futebolinterior.com.br\/bolsonaro-ja-foi-tecnico-de-futebol-e-tem-nome-em-homenagem-a-jogador-do-palmeiras\/","chapeu":"PASSADO BOLEIRO","data":"31\/10\/2018","imagem":"https:\/\/images.futebolinterior.com.br\/2021\/04\/0002050351669_img-300x268.jpg","resumo":"O pr\u00f3ximo presidente do Brasil tem mais liga\u00e7\u00f5es com o futebol do que se imagina. Confira!"},"359268":{"titulo":"Bom retrospecto anima Arrascaeta para cl\u00e1ssico entre Cruzeiro e Am\u00e9rica-MG","link":"https:\/\/www.futebolinterior.com.br\/bom-retrospecto-anima-arrascaeta-para-classico-entre-cruzeiro-e-america-mg\/","chapeu":"EMPOLGADO!","data":"31\/10\/2018","imagem":"https:\/\/images.futebolinterior.com.br\/2021\/04\/0002050351653_img-300x200.jpg","resumo":"No embalo do t\u00edtulo da Copa do Brasil, o meia Arrascaeta quer aproveitar a boa fase e o retrospecto positivo contra o Am\u00e9rica-MG para se destacar novamente com a camisa do Cruzeiro"}}