{"359151":{"titulo":"Daniel enviou mensagem pol\u00eamica a amigo antes de morrer; Advogado fala em estupro","link":"https:\/\/www.futebolinterior.com.br\/daniel-enviou-mensagem-polemica-a-amigo-antes-de-morrer-advogado-fala-em-estupro\/","chapeu":"POL\u00caMICO!","data":"01\/11\/2018","imagem":"https:\/\/images.futebolinterior.com.br\/2021\/04\/0002050351804_img-300x209.jpg","resumo":"O jogador foi morto no \u00faltimo s\u00e1bado e foi encontrado sem org\u00e3o genital e com a cabe\u00e7a cortada"},"359155":{"titulo":"Ap\u00f3s queda, palmeirenses prometem 'dar a vida' pelo Brasileir\u00e3o","link":"https:\/\/www.futebolinterior.com.br\/apos-queda-palmeirenses-prometem-dar-a-vida-pelo-brasileirao\/","chapeu":"O QUE SOBROU","data":"01\/11\/2018","imagem":"https:\/\/images.futebolinterior.com.br\/2021\/04\/0002050351797_img-300x168.jpg","resumo":"O Verd\u00e3o empatou com o Boca na quarta e agora tem o Santos no pr\u00f3ximo s\u00e1bado"},"359157":{"titulo":"Morumbi vazio faz S\u00e3o Paulo reduzir valor dos ingressos para jogo contra Flamengo","link":"https:\/\/www.futebolinterior.com.br\/morumbi-vazio-faz-sao-paulo-reduzir-valor-dos-ingressos-para-jogo-contra-flamengo\/","chapeu":"VEM PRO JOGO!","data":"01\/11\/2018","imagem":"https:\/\/images.futebolinterior.com.br\/2021\/04\/0002050351796_img-300x193.jpg","resumo":"Trata-se de tentativa da diretoria de evitar novo fiasco de p\u00fablico como o que se viu no jogo contra o Atl\u00e9tico-PR"},"359159":{"titulo":"Jair Ventura avalia jogadores emprestados pelo Corinthians para temporada de 2019","link":"https:\/\/www.futebolinterior.com.br\/jair-ventura-avalia-jogadores-emprestados-pelo-corinthians-para-temporada-de-2019\/","chapeu":"QUEM VEM?","data":"01\/11\/2018","imagem":"https:\/\/images.futebolinterior.com.br\/2021\/04\/0002050351795_img-300x200.jpg","resumo":"S\u00e3o 22 atletas e o contrato de empr\u00e9stimo de 17 deles termina agora no final do ano"},"359161":{"titulo":"Palmeiras muda o foco para garantir o 10\u00ba t\u00edtulo do Campeonato Brasileiro","link":"https:\/\/www.futebolinterior.com.br\/palmeiras-muda-o-foco-para-garantir-o-10o-titulo-do-campeonato-brasileiro\/","chapeu":"TROCA!","data":"01\/11\/2018","imagem":"https:\/\/images.futebolinterior.com.br\/2021\/04\/0002050351794_img-300x168.jpg","resumo":"O Verd\u00e3o deixou a Libertadores ao ficar no empate por 2 a 2 com o Boca juniors na \u00faltima quinta"},"359163":{"titulo":"Bolsonaro ataca de torcedor e faz previs\u00e3o para o Palmeiras. ASSISTA ! ! !","link":"https:\/\/www.futebolinterior.com.br\/bolsonaro-ataca-de-torcedor-e-faz-previsao-para-o-palmeiras-assista\/","chapeu":"# ELE SIM","data":"01\/11\/2018","imagem":0,"resumo":"Bolsonaro, \u00e9 palmeirense assumido, e como todo bom amante do futebol, n\u00e3o deixou de fazer sua previs\u00e3o otimista para o Verd\u00e3o."},"359181":{"titulo":"Ap\u00f3s elimina\u00e7\u00e3o, Crefisa vai fazer nova avalia\u00e7\u00e3o da parceria com o Palmeiras","link":"https:\/\/www.futebolinterior.com.br\/apos-eliminacao-crefisa-vai-fazer-nova-avaliacao-da-parceria-com-o-palmeiras\/","chapeu":"E AGORA?","data":"01\/11\/2018","imagem":"https:\/\/images.futebolinterior.com.br\/2021\/04\/0002050351779_img-300x203.jpg","resumo":"As elei\u00e7\u00f5es presidenciais no clube, no pr\u00f3ximo dia 24, ser\u00e3o determinantes para o futuro da parceria"},"359196":{"titulo":"Dorival J\u00fanior testa Diego entre os titulares do Flamengo para jogo em S\u00e3o Paulo","link":"https:\/\/www.futebolinterior.com.br\/dorival-junior-testa-diego-entre-os-titulares-do-flamengo-para-jogo-em-sao-paulo\/","chapeu":"VAI COM TUDO!","data":"31\/10\/2018","imagem":"https:\/\/images.futebolinterior.com.br\/2021\/04\/0002050351773_img-300x200.jpg","resumo":"O jogador foi titular do Meng\u00e3o na maior parte do Brasileir\u00e3o, mas teve uma les\u00e3o muscular na coxa direita"},"359205":{"titulo":"Ap\u00f3s seis meses, Gatito Fern\u00e1ndez volta ao gol do Botafogo contra o Corinthians","link":"https:\/\/www.futebolinterior.com.br\/apos-seis-meses-gatito-fernandez-volta-ao-gol-do-botafogo-contra-o-corinthians\/","chapeu":"OPA!","data":"31\/10\/2018","imagem":"https:\/\/images.futebolinterior.com.br\/2021\/04\/0002050351723_img-300x200.jpg","resumo":"O goleiro est\u00e1 recuperado de uma les\u00e3o no punho direito e foi confirmado como titular da meta alvinegra"},"359200":{"titulo":"Presidente do Atl\u00e9tico-PR pode virar ministro de Jair Bolsonaro","link":"https:\/\/www.futebolinterior.com.br\/presidente-do-atletico-pr-pode-virar-ministro-de-jair-bolsonaro\/","chapeu":"EITA!","data":"31\/10\/2018","imagem":"https:\/\/images.futebolinterior.com.br\/2021\/04\/0002050351719_img-300x208.jpg","resumo":"Mario Celso Petraglia negou qualquer contato com o mandat\u00e1rio do Brasil, mas a conversa existe"}}