{"359012":{"titulo":"Com les\u00e3o na coxa, Willian desfalca o Palmeiras por tr\u00eas semanas","link":"https:\/\/www.futebolinterior.com.br\/com-lesao-na-coxa-willian-desfalca-o-palmeiras-por-tres-semanas\/","chapeu":"BAIXA","data":"01\/11\/2018","imagem":"https:\/\/images.futebolinterior.com.br\/2021\/04\/0002050351932_img-296x300.jpg","resumo":"O jogador sentiu a contus\u00e3o no segundo tempo da partida contra o Boca Juniors, pela Libertadores"},"359007":{"titulo":"Em sua segunda passagem pelo Paran\u00e1, Dado diz estar convicto para a pr\u00f3xima temporada","link":"https:\/\/www.futebolinterior.com.br\/em-sua-segunda-passagem-pelo-parana-dado-diz-estar-convicto-para-a-proxima-temporada\/","chapeu":"'BONS FRUTOS'","data":"01\/11\/2018","imagem":"https:\/\/images.futebolinterior.com.br\/2021\/04\/0002050351930_img-300x200.jpg","resumo":" Dado chegou ao comando do Paran\u00e1 no dia 17 de outubro e j\u00e1 comandou o Tricolor em duas oportunidades no Campeonato Brasileiro"},"359030":{"titulo":"Jair Ventura indica Araos e Danilo como titulares do Corinthians","link":"https:\/\/www.futebolinterior.com.br\/jair-ventura-indica-araos-e-danilo-como-titulares-do-corinthians\/","chapeu":"TUDO PRONTO?","data":"01\/11\/2018","imagem":"https:\/\/images.futebolinterior.com.br\/2021\/04\/0002050351926_img-300x198.jpg","resumo":"O paraguaio Sergio D\u00edaz deixou o treino mais cedo com dores no joelho e ser\u00e1 melhor avaliado"},"359036":{"titulo":"Dorival diz que Flamengo n\u00e3o pensa no Palmeiras: 'Preocupa\u00e7\u00e3o \u00e9 com nossa parte'","link":"https:\/\/www.futebolinterior.com.br\/dorival-diz-que-flamengo-nao-pensa-no-palmeiras-preocupacao-e-com-nossa-parte\/","chapeu":"SER\u00c1?","data":"01\/11\/2018","imagem":"https:\/\/images.futebolinterior.com.br\/2021\/04\/0002050351924_img-300x200.jpg","resumo":"O Meng\u00e3o est\u00e1 a quatro pontos do l\u00edder e tenta uma arrancada para se aproximar na reta final"},"359032":{"titulo":"Em v\u00e9spera de cl\u00e1ssico, Jo\u00e3o e Z\u00e9 Ricardo comentam sobre m\u00e1 fase do Am\u00e9rica-MG","link":"https:\/\/www.futebolinterior.com.br\/em-vespera-de-classico-joao-e-ze-ricardo-comentam-sobre-ma-fase-do-america-mg\/","chapeu":"MAU MOMENTO!","data":"01\/11\/2018","imagem":"https:\/\/images.futebolinterior.com.br\/2021\/04\/0002050351922_img-300x173.jpg","resumo":"Em v\u00e9spera de cl\u00e1ssico, Jo\u00e3o e Z\u00e9 Ricardo comentam sobre m\u00e1 fase do Am\u00e9rica-MG"},"359058":{"titulo":"Rojas passa por cirurgia e deve desfalcar S\u00e3o Paulo por seis meses","link":"https:\/\/www.futebolinterior.com.br\/rojas-passa-por-cirurgia-e-deve-desfalcar-sao-paulo-por-seis-meses\/","chapeu":"DESFALQUE!","data":"01\/11\/2018","imagem":"https:\/\/images.futebolinterior.com.br\/2021\/04\/0002050351875_img-300x193.jpg","resumo":"O meia-atacante Rojas foi submetido na manh\u00e3 desta quinta-feira a uma cirurgia para reconstru\u00e7\u00e3o dos ligamentos ap\u00f3s ruptura do tend\u00e3o patelar do joelho direito"},"359102":{"titulo":"Rodrygo comemora um ano de profissional e projeta t\u00edtulo antes de deixar Santos","link":"https:\/\/www.futebolinterior.com.br\/rodrygo-comemora-um-ano-de-profissional-e-projeta-titulo-antes-de-deixar-santos\/","chapeu":"TEM TA\u00c7A?","data":"01\/11\/2018","imagem":"https:\/\/images.futebolinterior.com.br\/2021\/04\/0002050351853_img-300x200.jpg","resumo":"O atacante Rodrygo completa nesta quinta-feira seu primeiro ano como jogador profissional"},"359098":{"titulo":"Odair testa time titular do Inter com Gabriel Dias e Juan Alano","link":"https:\/\/www.futebolinterior.com.br\/odair-testa-time-titular-do-inter-com-gabriel-dias-e-juan-alano\/","chapeu":"OPA!","data":"01\/11\/2018","imagem":"https:\/\/images.futebolinterior.com.br\/2021\/04\/0002050351852_img-300x147.jpg","resumo":"A dupla foi testada para substituir Rodrigo Dourado e Eden\u00edlson, que v\u00e3o cumprir suspens\u00e3o no fim de semana"},"359113":{"titulo":"Suspeito de matar ex-Ponte e S\u00e3o Paulo, mulher e filha s\u00e3o presos no Paran\u00e1","link":"https:\/\/www.futebolinterior.com.br\/suspeito-de-matar-ex-ponte-e-sao-paulo-mulher-e-filha-sao-presos-no-parana\/","chapeu":"UM COME\u00c7O...","data":"01\/11\/2018","imagem":0,"resumo":"A defesa tenta aliviar o suspeito da morte de Daniel alegando estupro"},"359144":{"titulo":"Luto! Ex-Porto e Fluminense, lateral morre durante campeonato amador","link":"https:\/\/www.futebolinterior.com.br\/luto-ex-porto-e-fluminense-lateral-morre-durante-campeonato-amador\/","chapeu":"TRISTE!","data":"01\/11\/2018","imagem":"https:\/\/images.futebolinterior.com.br\/2021\/04\/0002050351807_img-300x200.jpg","resumo":"Esquerdinha teve passagem de sucesso pelo Porto, onde conquistou in\u00fameros t\u00edtulos"}}