{"358955":{"titulo":"STJD aumenta pena por agress\u00e3o e Sass\u00e1 fica de fora do Cruzeiro por mais 3 jogos","link":"https:\/\/www.futebolinterior.com.br\/stjd-aumenta-pena-por-agressao-e-sassa-fica-de-fora-do-cruzeiro-por-mais-3-jogos\/","chapeu":"VISH","data":"01\/11\/2018","imagem":"https:\/\/images.futebolinterior.com.br\/2021\/04\/0002050351997_img-300x200.jpg","resumo":" A confus\u00e3o entre os dois aconteceu ap\u00f3s o apito final do jogo de volta da semifinal da Copa do Brasil"},"358962":{"titulo":"Criminoso confesso diz por que matou Daniel. OU\u00c7A e tamb\u00e9m veja FOTOS EXCLUSIVAS !","link":"https:\/\/www.futebolinterior.com.br\/criminoso-confesso-diz-por-que-matou-daniel-ouca-e-tambem-veja-fotos-exclusivas\/","chapeu":"CEN\u00c1RIO CRUEL","data":"01\/11\/2018","imagem":0,"resumo":"Empres\u00e1rio apontou \u00e0 Pol\u00edcia local em que matou Daniel e tamb\u00e9m explicou os motivos que 'perdeu a cabe\u00e7a'"},"358966":{"titulo":"L\u00e9o revela motiva\u00e7\u00e3o financeira do Cruzeiro para as rodadas finais do Brasileir\u00e3o","link":"https:\/\/www.futebolinterior.com.br\/leo-revela-motivacao-financeira-do-cruzeiro-para-as-rodadas-finais-do-brasileirao\/","chapeu":"SEM MOLEZA!","data":"01\/11\/2018","imagem":"https:\/\/images.futebolinterior.com.br\/2021\/04\/0002050351969_img-300x200.jpg","resumo":"Sem chances de t\u00edtulo, os jogadores do Cruzeiro buscam motiva\u00e7\u00f5es para embalar o time celeste. Nesta quinta-feira, o zagueiro L\u00e9o revelou que um destes est\u00edmulos \u00e9 financeiro"},"359025":{"titulo":"Claudinei Oliveira adia defini\u00e7\u00e3o da Chapecoense e relaxa grupo com rach\u00e3o","link":"https:\/\/www.futebolinterior.com.br\/claudinei-oliveira-adia-definicao-da-chapecoense-e-relaxa-grupo-com-rachao\/","chapeu":"PRA DESCONTRAIR","data":"01\/11\/2018","imagem":"https:\/\/images.futebolinterior.com.br\/2021\/04\/0002050351960_img-300x225.jpg","resumo":"Grupo voltou a mostrar tranquilidade, o que \u00e9 bom para quem precisa sair logo da zona de rebaixamento"},"358991":{"titulo":"STJD mant\u00e9m puni\u00e7\u00e3o e Palmeiras perde laterais por dois jogos no Brasileir\u00e3o","link":"https:\/\/www.futebolinterior.com.br\/stjd-mantem-punicao-e-palmeiras-perde-laterais-por-dois-jogos-no-brasileirao\/","chapeu":"DEU RUIM!","data":"01\/11\/2018","imagem":"https:\/\/images.futebolinterior.com.br\/2021\/04\/0002050351948_img-300x225.jpg","resumo":"STJD mant\u00e9m puni\u00e7\u00e3o e Palmeiras perde laterais por dois jogos no Brasileir\u00e3o. Os dois foram punidos pelas expuls\u00f5es ao final do jogo contra o Cruzeiro, pela semifinal da Copa do Br"},"358995":{"titulo":"Testemunha relata quatro criminosos no 'Caso Daniel' e pol\u00edcia busca mais suspeitos","link":"https:\/\/www.futebolinterior.com.br\/testemunha-relata-quatro-criminosos-no-caso-daniel-e-policia-busca-mais-suspeitos\/","chapeu":"INVESTIGA\u00c7\u00d5ES","data":"01\/11\/2018","imagem":0,"resumo":"Por enquanto, apenas o empres\u00e1rio Edison Brittes Junior, de 38 anos, foi detido e confessou o crime"},"359014":{"titulo":"Victor Ferraz nega Santos favorito e prev\u00ea Palmeiras 'mais motivado' ap\u00f3s queda","link":"https:\/\/www.futebolinterior.com.br\/victor-ferraz-nega-santos-favorito-e-preve-palmeiras-mais-motivado-apos-queda\/","chapeu":"TEM QUE SEGURAR","data":"01\/11\/2018","imagem":"https:\/\/images.futebolinterior.com.br\/2021\/04\/0002050351941_img-300x200.jpg","resumo":"No treino desta quinta, o lateral Dod\u00f4 e o atacante Gabriel sa\u00edram mais cedo depois de sofrerem pancadas"},"359020":{"titulo":"Valentim prev\u00ea Fluminense cansado diante do Vasco, mas alerta para motiva\u00e7\u00e3o do rival","link":"https:\/\/www.futebolinterior.com.br\/valentim-preve-fluminense-cansado-diante-do-vasco-mas-alerta-para-motivacao-do-rival\/","chapeu":"DESGASTADOS!","data":"01\/11\/2018","imagem":"https:\/\/images.futebolinterior.com.br\/2021\/04\/0002050351936_img-300x205.jpg","resumo":"O Vasco tem compromisso fundamental na luta contra o rebaixamento do Campeonato Brasileiro neste s\u00e1bado, quando encara o Fluminense em cl\u00e1ssico que acontecer\u00e1 no Maracan\u00e3"},"359001":{"titulo":"Arboleda n\u00e3o desiste e coloca S\u00e3o Paulo na briga entre os l\u00edderes do Brasileir\u00e3o","link":"https:\/\/www.futebolinterior.com.br\/arboleda-nao-desiste-e-coloca-sao-paulo-na-briga-entre-os-lideres-do-brasileirao\/","chapeu":"AINDA D\u00c1!","data":"01\/11\/2018","imagem":"https:\/\/images.futebolinterior.com.br\/2021\/04\/0002050351934_img-300x193.jpg","resumo":"A pr\u00f3xima partida, contra o Flamengo, \u00e9 crucial para o Tricolor Paulista seguir brigando"},"359005":{"titulo":"Apesar de m\u00e1 fase, Ricardo Oliveira diz que n\u00e3o falta empenho ao Atl\u00e9tico-MG","link":"https:\/\/www.futebolinterior.com.br\/apesar-de-ma-fase-ricardo-oliveira-diz-que-nao-falta-empenho-ao-atletico-mg\/","chapeu":"QUE ZICA","data":"01\/11\/2018","imagem":"https:\/\/images.futebolinterior.com.br\/2021\/04\/0002050351933_img-300x170.jpg","resumo":"O Galo passou todo o m\u00eas de outubro sem conquistar nenhuma vit\u00f3ria"}}