{"358898":{"titulo":"Capit\u00e3o do Fla fala sobre discuss\u00e3o entre Dorival e Diego Alves: 'Problema interno'","link":"https:\/\/www.futebolinterior.com.br\/capitao-do-fla-fala-sobre-discussao-entre-dorival-e-diego-alves-problema-interno\/","chapeu":"DEU A LETRA","data":"02\/11\/2018","imagem":"https:\/\/images.futebolinterior.com.br\/2021\/04\/0002050352038_img-300x226.jpg","resumo":"Segundo o zagueiro R\u00e9ver, a pol\u00eamica tinha que ser resolvido internamente sem toda essa pol\u00eamica"},"358904":{"titulo":"Brasileir\u00e3o ganha for\u00e7a ap\u00f3s quedas de Gr\u00eamio e Palmeiras na Libertadores","link":"https:\/\/www.futebolinterior.com.br\/brasileirao-ganha-forca-apos-quedas-de-gremio-e-palmeiras-na-libertadores\/","chapeu":"VAI FICAR BOM!","data":"02\/11\/2018","imagem":"https:\/\/images.futebolinterior.com.br\/2021\/04\/0002050352036_img-300x199.jpg","resumo":"O Palmeiras pode ampliar ainda mais sua vantagem na lideran\u00e7a e vai enfrentar o Santos no s\u00e1bado, no Allianz Parque"},"358906":{"titulo":"Ap\u00f3s aposentadoria, Sheik quer seguir no Corinthians como diretor: '\u00c9 inevit\u00e1vel'","link":"https:\/\/www.futebolinterior.com.br\/apos-aposentadoria-sheik-quer-seguir-no-corinthians-como-diretor-e-inevitavel\/","chapeu":"ELE FICA","data":"02\/11\/2018","imagem":"https:\/\/images.futebolinterior.com.br\/2021\/04\/0002050352033_img-300x146.jpg","resumo":"O \u00faltimo jogo como atleta profissional do atacante ser\u00e1 contra o Gr\u00eamio, pela \u00faltima rodada do Brasileir\u00e3o"},"358908":{"titulo":"Precavido com instabilidade no cargo de t\u00e9cnico, Aguirre se vira longe da fam\u00edlia","link":"https:\/\/www.futebolinterior.com.br\/precavido-com-instabilidade-no-cargo-de-tecnico-aguirre-se-vira-longe-da-familia\/","chapeu":"COMPLICADO","data":"02\/11\/2018","imagem":"https:\/\/images.futebolinterior.com.br\/2021\/04\/0002050352032_img-300x193.jpg","resumo":"As idas ao Uruguai normalmente acontecem quando o time joga em um s\u00e1bado, por exemplo, e s\u00f3 se reapresenta na segunda \u00e0 tarde, no CT"},"358910":{"titulo":"Justi\u00e7a condena e N\u00e1utico ter\u00e1 que pagar R$1,5 milh\u00e3o para o Corinthians por Acosta","link":"https:\/\/www.futebolinterior.com.br\/justica-condena-e-nautico-tera-que-pagar-r15-milhao-para-o-corinthians-por-acosta\/","chapeu":"MULTA PESADA","data":"02\/11\/2018","imagem":"https:\/\/images.futebolinterior.com.br\/2021\/04\/0002050352031_img-300x227.jpg","resumo":"A a\u00e7\u00e3o se refere ao empr\u00e9stimo do atacante uruguaio ao time pernambucano em meados de 2009"},"358912":{"titulo":"Com dores no joelho, Sergio D\u00edaz passar\u00e1 por exames e \u00e9 d\u00favida no Corinthians","link":"https:\/\/www.futebolinterior.com.br\/com-dores-no-joelho-sergio-diaz-passara-por-exames-e-e-duvida-no-corinthians\/","chapeu":"DE FORA","data":"02\/11\/2018","imagem":"https:\/\/images.futebolinterior.com.br\/2021\/04\/0002050352030_img-300x300.jpg","resumo":"O problema acontece justamente quando o meia-atacante vinha ganhando a confian\u00e7a do t\u00e9cnico Jair Ventura"},"358914":{"titulo":"Elimina\u00e7\u00e3o na Libertadores esquenta a disputa pol\u00edtica no Palmeiras","link":"https:\/\/www.futebolinterior.com.br\/eliminacao-na-libertadores-esquenta-a-disputa-politica-no-palmeiras\/","chapeu":"CLIMA QUENTE","data":"02\/11\/2018","imagem":"https:\/\/images.futebolinterior.com.br\/2021\/04\/0002050352029_img-300x187.jpg","resumo":"O ambiente alviverde come\u00e7ou a ficar mais movimentado a partir do \u00faltimo dia 15"},"358924":{"titulo":"T\u00e9cnico bate boca com goleiro e clima esquenta ainda mais no Flamengo","link":"https:\/\/www.futebolinterior.com.br\/tecnico-bate-boca-com-goleiro-e-clima-esquenta-ainda-mais-no-flamengo\/","chapeu":"T\u00c1 TENSO","data":"01\/11\/2018","imagem":"https:\/\/images.futebolinterior.com.br\/2021\/04\/0002050352024_img-300x171.jpg","resumo":"Diego Alves n\u00e3o est\u00e1 confort\u00e1vel com o banco de reservas e por isso discutiu abertamente com Dorival J\u00fanior"},"358926":{"titulo":"Torcida do Sport d\u00e1 show e compra 11 mil ingressos para 'duelo direto'","link":"https:\/\/www.futebolinterior.com.br\/torcida-do-sport-da-show-e-compra-11-mil-ingressos-para-duelo-direto\/","chapeu":"QUE LINDO","data":"01\/11\/2018","imagem":"https:\/\/images.futebolinterior.com.br\/2021\/04\/0002050352023_img-300x199.png","resumo":"A expectativa da diretoria \u00e9 colocar 25 mil pagantes no Est\u00e1dio da Ilha do Retiro contra o Cear\u00e1"},"358953":{"titulo":"Botafogo far\u00e1 treino aberto \u00e0 torcida no s\u00e1bado, antes de pegar o Corinthians","link":"https:\/\/www.futebolinterior.com.br\/botafogo-fara-treino-aberto-a-torcida-no-sabado-antes-de-pegar-o-corinthians\/","chapeu":"A\u00cd SIM","data":"01\/11\/2018","imagem":"https:\/\/images.futebolinterior.com.br\/2021\/04\/0002050351998_img-300x225.jpg","resumo":"A expectativa \u00e9 de que a torcida compare\u00e7a em peso para empurrar os jogadores e ajudar a equipe neste momento dif\u00edcil"}}