{"358824":{"titulo":"Ap\u00f3s queda na Libertadores, Gr\u00eamio sofre com desfalques para pegar Atl\u00e9tico-MG","link":"https:\/\/www.futebolinterior.com.br\/apos-queda-na-libertadores-gremio-sofre-com-desfalques-para-pegar-atletico-mg\/","chapeu":"E AGORA?","data":"02\/11\/2018","imagem":"https:\/\/images.futebolinterior.com.br\/2021\/04\/0002050352085_img-300x200.jpg","resumo":"Marcelo Grohe, Luan, Maicon e Kannemann sequer viajaram para Belo Horizonte"},"358835":{"titulo":"Com desfalques, Carpegiani aposta na base para compor elenco do Vit\u00f3ria","link":"https:\/\/www.futebolinterior.com.br\/com-desfalques-carpegiani-aposta-na-base-para-compor-elenco-do-vitoria\/","chapeu":"UIA!","data":"02\/11\/2018","imagem":"https:\/\/images.futebolinterior.com.br\/2021\/04\/0002050352080_img-300x198.jpg","resumo":"O treinador busca o resultado positivo diante do Paran\u00e1 para tirar o clube da zona de rebaixamento"},"358839":{"titulo":"Romero \u00e9 poupado de treino do Corinthians, mas deve enfrentar o Botafogo","link":"https:\/\/www.futebolinterior.com.br\/romero-e-poupado-de-treino-do-corinthians-mas-deve-enfrentar-o-botafogo\/","chapeu":"UFA","data":"02\/11\/2018","imagem":"https:\/\/images.futebolinterior.com.br\/2021\/04\/0002050352079_img-300x200.jpg","resumo":"O paraguaio permaneceu na academia para evitar desgaste f\u00edsico e, segundo a assessoria do clube, n\u00e3o tem nenhuma les\u00e3o"},"358849":{"titulo":"Dado sinaliza mudan\u00e7as no Paran\u00e1, mas confirma manuten\u00e7\u00e3o da base","link":"https:\/\/www.futebolinterior.com.br\/dado-sinaliza-mudancas-no-parana-mas-confirma-manutencao-da-base\/","chapeu":"OPA!","data":"02\/11\/2018","imagem":"https:\/\/images.futebolinterior.com.br\/2021\/04\/0002050352069_img-300x169.jpg","resumo":"O time paranaense j\u00e1 est\u00e1 virtualmente rebaixado e tenta terminar o ano de cabe\u00e7a erguida"},"358858":{"titulo":"Tribunal de Justi\u00e7a apreende os passaportes de Ronaldinho Ga\u00facho e do irm\u00e3o Assis","link":"https:\/\/www.futebolinterior.com.br\/tribunal-de-justica-apreende-os-passaportes-de-ronaldinho-gaucho-e-do-irmao-assis\/","chapeu":"PEGA ESSA!","data":"02\/11\/2018","imagem":"https:\/\/images.futebolinterior.com.br\/2021\/04\/0002050352063_img-300x169.jpg","resumo":"O ex-jogador foi intimado atrav\u00e9s de carta precat\u00f3ria enquanto treinava no CT do Atl\u00e9tico-MG"},"358860":{"titulo":"Paran\u00e1 \u2018afasta\u2019 e sinaliza sa\u00edda de meia Biteco ao final da temporada","link":"https:\/\/www.futebolinterior.com.br\/parana-afasta-e-sinaliza-saida-de-meia-biteco-ao-final-da-temporada\/","chapeu":"TCHAU!","data":"02\/11\/2018","imagem":"https:\/\/images.futebolinterior.com.br\/2021\/04\/0002050352060_img-300x187.jpg","resumo":"O clube paranaense avisou que o jogador n\u00e3o atua mais no Campeonato Brasileiro"},"358864":{"titulo":"Na semifinal da Sul-Americana, Atl\u00e9tico-PR deve ter time reserva contra Inter","link":"https:\/\/www.futebolinterior.com.br\/na-semifinal-da-sul-americana-atletico-pr-deve-ter-time-reserva-contra-inter\/","chapeu":"QUEM JOGA?","data":"02\/11\/2018","imagem":"https:\/\/images.futebolinterior.com.br\/2021\/04\/0002050352058_img-300x208.jpg","resumo":"Uma vit\u00f3ria diante do Colorado elimina de uma vez a possibilidade de rebaixamento do Furac\u00e3o"},"358872":{"titulo":"Famoso jornal italiano coloca zagueiro do S\u00e3o Paulo na mira do Milan","link":"https:\/\/www.futebolinterior.com.br\/famoso-jornal-italiano-coloca-zagueiro-do-sao-paulo-na-mira-do-milan\/","chapeu":"INDO EMBORA","data":"02\/11\/2018","imagem":"https:\/\/images.futebolinterior.com.br\/2021\/04\/0002050352057_img-300x154.jpg","resumo":"Atualmente na reserva do time paulista, o nome de Rodrigo Caio \u00e9 uma op\u00e7\u00e3o para refor\u00e7ar o sistema defensivo do time rossoneros"},"358876":{"titulo":"Mano lamenta trabalho incompleto e admite sonho de voltar \u00e0 sele\u00e7\u00e3o brasileira","link":"https:\/\/www.futebolinterior.com.br\/mano-lamenta-trabalho-incompleto-e-admite-sonho-de-voltar-a-selecao-brasileira\/","chapeu":"QUER VOLTAR","data":"02\/11\/2018","imagem":"https:\/\/images.futebolinterior.com.br\/2021\/04\/0002050352055_img-300x200.jpg","resumo":"O comandante n\u00e3o escondeu que ainda se sente incomodado pela sa\u00edda repentina do comando da equipe"},"358894":{"titulo":"\u200bHer\u00f3i contra Am\u00e9rica-MG, Wellington Paulista pode ser a principal novidade da Chape","link":"https:\/\/www.futebolinterior.com.br\/%e2%80%8bheroi-contra-america-mg-wellington-paulista-pode-ser-a-principal-novidade-da-chape\/","chapeu":"VAI PRO JOGO?","data":"02\/11\/2018","imagem":"https:\/\/images.futebolinterior.com.br\/2021\/04\/0002050352039_img-300x201.jpg","resumo":"O atacante deve entrar na vaga de Doffo no duelo frente ao Bahia, em Salvador"}}