{"358784":{"titulo":"Hellmann confirma Gabriel Dias como titular no Inter e sinaliza entrada de Alano","link":"https:\/\/www.futebolinterior.com.br\/hellmann-confirma-gabriel-dias-como-titular-no-inter-e-sinaliza-entrada-de-alano\/","chapeu":"MUDAN\u00c7AS","data":"02\/11\/2018","imagem":"https:\/\/images.futebolinterior.com.br\/2021\/04\/0002050352163_img-300x200.jpg","resumo":"\"O Gabriel Dias foi important\u00edssimo no Gauch\u00e3o, inclusive em Gre-Nal. Depois, teve poucas oportunidades\", disse"},"358753":{"titulo":"Internacional x Atl\u00e9tico-PR - Chance de voltar a vencer contra reservas do Furac\u00e3o","link":"https:\/\/www.futebolinterior.com.br\/internacional-x-atletico-pr-chance-de-voltar-a-vencer-contra-reservas-do-furacao\/","chapeu":"AGORA VAI?","data":"02\/11\/2018","imagem":"https:\/\/images.futebolinterior.com.br\/2021\/04\/0002050352160_img-300x188.jpg","resumo":"Cinco pontos abaixo do l\u00edder Palmeiras, o Inter ainda sonha com o t\u00edtulo, mas n\u00e3o pode mais escorregar"},"358780":{"titulo":"Gabriel treina, mas Cuca tamb\u00e9m espera recupera\u00e7\u00f5es de Dod\u00f4 e Ver\u00edssimo no Santos","link":"https:\/\/www.futebolinterior.com.br\/gabriel-treina-mas-cuca-tambem-espera-recuperacoes-de-dodo-e-verissimo-no-santos\/","chapeu":"QUEM JOGA?","data":"02\/11\/2018","imagem":"https:\/\/images.futebolinterior.com.br\/2021\/04\/0002050352145_img-300x200.jpg","resumo":"O treinador tamb\u00e9m n\u00e3o revelou quem vai ser titular entre os atacantes Derlis Gonz\u00e1lez e Bruno Henrique"},"358797":{"titulo":"Am\u00e9rica-MG x Cruzeiro - Decis\u00e3o para um, tranquilidade para outro...","link":"https:\/\/www.futebolinterior.com.br\/america-mg-x-cruzeiro-decisao-para-um-tranquilidade-para-outro\/","chapeu":"DISTINTOS!","data":"02\/11\/2018","imagem":"https:\/\/images.futebolinterior.com.br\/2021\/04\/0002050352134_img-300x201.jpg","resumo":"O Coelho precisa vencer desesperadamente para distanciar da zona de rebaixamento"},"358778":{"titulo":"Mano Menezes garante seriedade no Cruzeiro na reta final do Brasileir\u00e3o","link":"https:\/\/www.futebolinterior.com.br\/mano-menezes-garante-seriedade-no-cruzeiro-na-reta-final-do-brasileirao\/","chapeu":"SER\u00c1?","data":"02\/11\/2018","imagem":"https:\/\/images.futebolinterior.com.br\/2021\/04\/0002050352154_img-300x200.jpg","resumo":"O comandante vai ter praticamente todos os jogadores \u00e0 disposi\u00e7\u00e3o para enfrentar o Am\u00e9rica-MG"},"358782":{"titulo":"Substituto de Grohe, Paulo Victor pede rea\u00e7\u00e3o do Gr\u00eamio e tra\u00e7a G4 como meta","link":"https:\/\/www.futebolinterior.com.br\/substituto-de-grohe-paulo-victor-pede-reacao-do-gremio-e-traca-g4-como-meta\/","chapeu":"VAMOS L\u00c1!","data":"02\/11\/2018","imagem":"https:\/\/images.futebolinterior.com.br\/2021\/04\/0002050352147_img-300x146.jpg","resumo":"\"S\u00e3o sete jogos que pe\u00e7o para que o torcedor abrace nossa equipe. Precisamos terminar o ano no G4\", disse"},"358792":{"titulo":"Bahia conta com retornos para duelo direto contra Chapecoense","link":"https:\/\/www.futebolinterior.com.br\/bahia-conta-com-retornos-para-duelo-direto-contra-chapecoense\/","chapeu":"OPA!","data":"02\/11\/2018","imagem":"https:\/\/images.futebolinterior.com.br\/2021\/04\/0002050352141_img-300x184.jpg","resumo":"O zagueiro Jackson e os meias Gregore e Ramires voltam ao time titular"},"358805":{"titulo":"Jair diz que Corinthians j\u00e1 definiu emprestados que voltar\u00e3o em 2019","link":"https:\/\/www.futebolinterior.com.br\/jair-diz-que-corinthians-ja-definiu-emprestados-que-voltarao-em-2019\/","chapeu":"QUEM SER\u00c1?","data":"02\/11\/2018","imagem":"https:\/\/images.futebolinterior.com.br\/2021\/04\/0002050352132_img-300x200.jpg","resumo":"O principal candidato a voltar \u00e9 o centroavante Gustavo, o Gustagol, que marcou 11 gols pelo Fortaleza na atual edi\u00e7\u00e3o da S\u00e9rie B"},"358816":{"titulo":"Dig\u00e3o pede foco do Fluminense no Vasco antes de pensar na Copa Sul-Americana","link":"https:\/\/www.futebolinterior.com.br\/digao-pede-foco-do-fluminense-no-vasco-antes-de-pensar-na-copa-sul-americana\/","chapeu":"CONCENTRA\u00c7\u00c3O","data":"02\/11\/2018","imagem":"https:\/\/images.futebolinterior.com.br\/2021\/04\/0002050352103_img-300x162.jpg","resumo":"\"Agora \u00e9 hora de mudar a chave para o Brasileiro. Nossa posi\u00e7\u00e3o n\u00e3o \u00e9 confort\u00e1vel, precisamos dos tr\u00eas pontos\""},"358809":{"titulo":"Odair Hellmann fecha treino, mas indica time do Inter contra Atl\u00e9tico-PR","link":"https:\/\/www.futebolinterior.com.br\/odair-hellmann-fecha-treino-mas-indica-time-do-inter-contra-atletico-pr\/","chapeu":"TUDO PRONTO!","data":"02\/11\/2018","imagem":"https:\/\/images.futebolinterior.com.br\/2021\/04\/0002050352100_img-300x184.jpg","resumo":"O treinador, mais uma vez, apostou em Gabriel Dias e Juan Alano entre os titulares"}}